{"id":2791,"date":"2024-11-18T07:00:30","date_gmt":"2024-11-18T06:00:30","guid":{"rendered":"http:\/\/parolesdhistoire.fr\/?p=2791"},"modified":"2025-05-18T17:34:27","modified_gmt":"2025-05-18T15:34:27","slug":"356-une-histoire-au-present-la-revue-2021","status":"publish","type":"post","link":"https:\/\/parolesdhistoire.fr\/index.php\/2024\/11\/18\/356-une-histoire-au-present-la-revue-2021\/","title":{"rendered":"356. Une histoire au pr\u00e9sent, la revue 20&#038;21"},"content":{"rendered":"<p><iframe loading=\"lazy\" \n    style=\"margin: auto; min-width: 320px; border: 0;\" \n    src=\"https:\/\/player.audiomeans.fr\/player-v2\/paroles-d-histoire-0619098d0e45\/episodes\/471b392f-6702-4b96-ba15-b7615fce2b05?mp=0&#038;leadin=0&#038;download=1&#038;std=0&#038;vert=0&#038;playlist=0&#038;color=7d7d7d&#038;theme=dark\" \n    width=\"80%\"\n    height=\"150px\"\n    allow=\"autoplay\"><br \/>\n<\/iframe><\/p>\n<p><span class=\"yt-core-attributed-string yt-core-attributed-string--white-space-pre-wrap\" dir=\"auto\" role=\"text\"><span class=\"yt-core-attributed-string--link-inherit-color\" dir=\"auto\"><strong>Les invit\u00e9s et invit\u00e9es :<\/strong> Marie-B\u00e9n\u00e9dicte Vincent, Antonin Durand (r\u00e9daction en chef de la revue 20&amp;21) Avec des interventions de Anna Trespeuch, Guillaume Blanc, Claire Zalc, Rapha\u00eblle Branche, Fran\u00e7ois-Xavier N\u00e9rard (r\u00e9daction de la revue)<\/span><\/span><\/p>\n<p><img loading=\"lazy\" decoding=\"async\" class=\"mfp-img\" src=\"https:\/\/www.pressesdesciencespo.fr\/resources\/titles\/27246100700360\/images\/27246100700360L.jpg\" width=\"428\" height=\"611\" \/><\/p>\n<p><span class=\"yt-core-attributed-string yt-core-attributed-string--white-space-pre-wrap\" dir=\"auto\" role=\"text\"><span class=\"yt-core-attributed-string--link-inherit-color\" dir=\"auto\"> Autour du 40e anniversaire de la revue Vingti\u00e8me si\u00e8cle devenue 20&amp;21 en 2019, et du num\u00e9ro sp\u00e9cial (n\u00b0162), faire de l&#8217;histoire contemporaine au XXIe si\u00e8cle.<\/span><\/span><\/p>\n<p><strong>La discussion:<\/strong><\/p>\n<ul>\n<li>Introduction (00:00)<\/li>\n<li>La naissance de Vingti\u00e8me si\u00e8cle, par Anna Trespeuch (2:12)<\/li>\n<li>Une revue ouverte sur les enseignants, l&#8217;espace public&#8230; (12:00)<\/li>\n<li>Les d\u00e9bats historiographiques dans la revue: migrations, Seconde Guerre mondiale, Shoah, avec Claire Zalc (16:00) ; histoire globale et coloniale , avec Guillaume Blanc (23:30) ; histoire sovi\u00e9tique, avec Fran\u00e7ois-Xavier N\u00e9rard (28:35)<\/li>\n<li>De &#8216;Vingti\u00e8me si\u00e8cle&#8217; \u00e0 &#8217;20&amp;21&#8242;, avec Rapha\u00eblle Branche (34:55)<\/li>\n<li>Comment d\u00e9limiter le XXIe si\u00e8cle (37:20)<\/li>\n<li>Le tournant num\u00e9rique et l&#8217;IA (41:00)<\/li>\n<li>Histoire et m\u00e9moire (52:40)<\/li>\n<li>Faire de l&#8217;histoire \u00e0 l&#8217;heure de l&#8217;urgence environnementale (55:00)<\/li>\n<\/ul>\n<p>La collection de la revue en <a href=\"https:\/\/www.persee.fr\/issue\/xxs_0294-1759_1984_num_1_1\">acc\u00e8s libre sur Pers\u00e9e<\/a><\/p>\n<p>Les <a href=\"https:\/\/shs.cairn.info\/revue-vingtieme-siecle-revue-d-histoire?lang=fr\">derniers num\u00e9ros sur Cairn<\/a><\/p>\n<ul>\n<li><strong>T\u00e9l\u00e9charger la transcription de l\u2019\u00e9pisode : <a href=\"https:\/\/transcripts.blubrry.com\/parolesdhistoire\/138349318-45025.srt\">https:\/\/transcripts.blubrry.com\/parolesdhistoire\/138349318-45025.srt<\/a><\/strong><\/li>\n<li><strong>Pour supprimer le minutage de la transcription utiliser cet outil en ligne : <a href=\"https:\/\/anatolt.ru\/t\/del-timestamp-srt.html\">https:\/\/anatolt.ru\/t\/del-timestamp-srt.html<\/a> <\/strong><\/li>\n<\/ul>\n","protected":false},"excerpt":{"rendered":"<p>Les invit\u00e9s et invit\u00e9es : Marie-B\u00e9n\u00e9dicte Vincent, Antonin Durand (r\u00e9daction en chef de la revue 20&amp;21) Avec des interventions de Anna Trespeuch, Guillaume Blanc, Claire Zalc, Rapha\u00eblle Branche, Fran\u00e7ois-Xavier N\u00e9rard (r\u00e9daction de la revue) Autour du 40e anniversaire de la revue Vingti\u00e8me si\u00e8cle devenue 20&amp;21 en 2019, et du num\u00e9ro sp\u00e9cial (n\u00b0162), faire de l&#8217;histoire &hellip; <a href=\"https:\/\/parolesdhistoire.fr\/index.php\/2024\/11\/18\/356-une-histoire-au-present-la-revue-2021\/\" class=\"more-link\">Continue reading<span class=\"screen-reader-text\"> &#8220;356. Une histoire au pr\u00e9sent, la revue 20&#038;21&#8221;<\/span><\/a><\/p>\n","protected":false},"author":1,"featured_media":0,"comment_status":"open","ping_status":"open","sticky":false,"template":"","format":"standard","meta":{"footnotes":""},"categories":[4],"tags":[5,265],"class_list":["post-2791","post","type-post","status-publish","format-standard","hentry","category-parution","tag-contempo","tag-revues"],"_links":{"self":[{"href":"https:\/\/parolesdhistoire.fr\/index.php\/wp-json\/wp\/v2\/posts\/2791","targetHints":{"allow":["GET"]}}],"collection":[{"href":"https:\/\/parolesdhistoire.fr\/index.php\/wp-json\/wp\/v2\/posts"}],"about":[{"href":"https:\/\/parolesdhistoire.fr\/index.php\/wp-json\/wp\/v2\/types\/post"}],"author":[{"embeddable":true,"href":"https:\/\/parolesdhistoire.fr\/index.php\/wp-json\/wp\/v2\/users\/1"}],"replies":[{"embeddable":true,"href":"https:\/\/parolesdhistoire.fr\/index.php\/wp-json\/wp\/v2\/comments?post=2791"}],"version-history":[{"count":7,"href":"https:\/\/parolesdhistoire.fr\/index.php\/wp-json\/wp\/v2\/posts\/2791\/revisions"}],"predecessor-version":[{"id":3032,"href":"https:\/\/parolesdhistoire.fr\/index.php\/wp-json\/wp\/v2\/posts\/2791\/revisions\/3032"}],"wp:attachment":[{"href":"https:\/\/parolesdhistoire.fr\/index.php\/wp-json\/wp\/v2\/media?parent=2791"}],"wp:term":[{"taxonomy":"category","embeddable":true,"href":"https:\/\/parolesdhistoire.fr\/index.php\/wp-json\/wp\/v2\/categories?post=2791"},{"taxonomy":"post_tag","embeddable":true,"href":"https:\/\/parolesdhistoire.fr\/index.php\/wp-json\/wp\/v2\/tags?post=2791"}],"curies":[{"name":"wp","href":"https:\/\/api.w.org\/{rel}","templated":true}]}}