{"id":2817,"date":"2024-12-11T07:19:51","date_gmt":"2024-12-11T06:19:51","guid":{"rendered":"http:\/\/parolesdhistoire.fr\/?p=2817"},"modified":"2025-05-18T17:27:14","modified_gmt":"2025-05-18T15:27:14","slug":"359-la-fabrique-des-annales-n2-un-empire-bon-marche","status":"publish","type":"post","link":"https:\/\/parolesdhistoire.fr\/index.php\/2024\/12\/11\/359-la-fabrique-des-annales-n2-un-empire-bon-marche\/","title":{"rendered":"359. La fabrique des Annales (n\u00b02) : un empire bon march\u00e9"},"content":{"rendered":"<p><iframe loading=\"lazy\" \n    style=\"margin: auto; min-width: 320px; border: 0;\" \n    src=\"https:\/\/player.audiomeans.fr\/player-v2\/paroles-d-histoire-0619098d0e45\/episodes\/e0e29819-81a3-4ed3-82e1-3067c01c48e2?mp=0&#038;leadin=0&#038;download=1&#038;std=0&#038;vert=0&#038;playlist=0&#038;color=7d7d7d&#038;theme=dark\" \n    width=\"80%\"\n    height=\"150px\"\n    allow=\"autoplay\"><br \/>\n<\/iframe><\/p>\n<p>Un podcast trimestriel pr\u00e9sentant les nouveaux num\u00e9ros de la revue Annales. Histoire, Sciences sociales. Second \u00e9pisode consacr\u00e9 au <a href=\"https:\/\/www.cambridge.org\/core\/journals\/annales-histoire-sciences-sociales\/issue\/4E11CC2F370CBF0AC1B83D2308013CC2\">n\u00b079\/2 (2024)<\/a>, diffusion le 11 d\u00e9cembre 2024. Production et animation : Andr\u00e9 Loez (podcast Paroles d\u2019histoire), Cl\u00e9mence Peyran (\u00e9ditrice de la revue).<\/p>\n<p><img loading=\"lazy\" decoding=\"async\" class=\"alignnone wp-image-2820 size-large\" src=\"http:\/\/parolesdhistoire.fr\/wp-content\/uploads\/2024\/12\/miniature-YouTube-1024x576.jpg\" alt=\"\" width=\"840\" height=\"473\" srcset=\"https:\/\/parolesdhistoire.fr\/wp-content\/uploads\/2024\/12\/miniature-YouTube-1024x576.jpg 1024w, https:\/\/parolesdhistoire.fr\/wp-content\/uploads\/2024\/12\/miniature-YouTube-300x169.jpg 300w, https:\/\/parolesdhistoire.fr\/wp-content\/uploads\/2024\/12\/miniature-YouTube-768x432.jpg 768w, https:\/\/parolesdhistoire.fr\/wp-content\/uploads\/2024\/12\/miniature-YouTube-1200x675.jpg 1200w, https:\/\/parolesdhistoire.fr\/wp-content\/uploads\/2024\/12\/miniature-YouTube.jpg 1280w\" sizes=\"auto, (max-width: 709px) 85vw, (max-width: 909px) 67vw, (max-width: 1362px) 62vw, 840px\" \/><\/p>\n<p><strong>Sommaire<\/strong><\/p>\n<ul>\n<li><strong>Introduction et table des mati\u00e8res du num\u00e9ro 79\/2 (00:00)<\/strong><\/li>\n<li><strong>Grand format (4:18) :<\/strong> entretien avec Denis Cogneau, professeur \u00e0 PSE, pour <em>Un empire bon march\u00e9, histoire et \u00e9conomie politique de la colonisation fran\u00e7aise XIXe-XXe si\u00e8cles<\/em> (Seuil, 2023), <a href=\"https:\/\/www.cambridge.org\/core\/journals\/annales-histoire-sciences-sociales\/article\/leconomie-de-lempire-colonial-francais-et-son-modele\/A7D9E608ED086B2E4035517789E70128\">discut\u00e9<\/a> avec David Todd, professeur \u00e0 Sciences Po (<a href=\"https:\/\/shs.cairn.info\/revue-annales-2024-2-page-291?lang=fr\">lien sur Cairn<\/a>)<\/li>\n<li><strong>Coulisses (36:45) :<\/strong> traduire des sources en fran\u00e7ais vers l\u2019anglais, avec Chloe Morgan, \u00e9ditrice (\u00e0 propos de l\u2019article de Renaud Morieux, <a href=\"https:\/\/www.cambridge.org\/core\/journals\/annales-histoire-sciences-sociales\/article\/lettres-perdues\/C1E4A3CABA140B8D0BF72BAA10AF40E2\">\u00ab\u00a0Lettres perdues : Communaut\u00e9s \u00e9pistolaires, guerres et liens familiaux dans le monde maritime atlantique du xviiie si\u00e8cle \u00bb, <em> Histoire, Sciences Sociales<\/em>, 78\/2, 2023. p.333-373<\/a>) (<a href=\"https:\/\/shs.cairn.info\/revue-annales-2023-2-page-333?lang=fr\">lien sur Cairn<\/a>)<\/li>\n<li><strong>Archives (47:00) :<\/strong> Marc Ferro, <a href=\"https:\/\/www.cambridge.org\/core\/journals\/annales-histoire-sciences-sociales\/article\/abs\/y-atil-trop-de-democratie-en-urss\/D92226D52B5E89B1949D87DD9D5ED3C6\">\u00ab\u00a0Y a-t-il \u00ab trop de d\u00e9mocratie \u00bb en URSS\u00a0?\u00a0\u00bb<\/a>, <em>Annales<\/em>, 40\/4, 1985, p. 811-827,comment\u00e9 par Jean-Yves Grenier (<a href=\"https:\/\/www.persee.fr\/doc\/ahess_0395-2649_1985_num_40_4_283205\">lien sur Pers\u00e9e<\/a>)<\/li>\n<\/ul>\n<p><strong>Contacts et cr\u00e9dits<\/strong><\/p>\n<ul>\n<li><a href=\"mailto:annales@ehess.fr\">annales@ehess.fr<\/a><\/li>\n<li><a href=\"mailto:parolesdhistoire@gmail.com\">parolesdhistoire@gmail.com<\/a><\/li>\n<\/ul>\n<p><strong>Cr\u00e9ation graphique :<\/strong> Ann-Koulmig Renault.<\/p>\n<p><strong>Musique :<\/strong> Latin Fashion Trap by Infraction.<\/p>\n<p><strong>Transcription de l\u2019\u00e9mission : <\/strong><a href=\"https:\/\/transcripts.blubrry.com\/parolesdhistoire\/139512534-46508.srt\">https:\/\/transcripts.blubrry.com\/parolesdhistoire\/139512534-46508.srt<\/a><strong><br \/>\n<\/strong><\/p>\n","protected":false},"excerpt":{"rendered":"<p>Un podcast trimestriel pr\u00e9sentant les nouveaux num\u00e9ros de la revue Annales. Histoire, Sciences sociales. Second \u00e9pisode consacr\u00e9 au n\u00b079\/2 (2024), diffusion le 11 d\u00e9cembre 2024. Production et animation : Andr\u00e9 Loez (podcast Paroles d\u2019histoire), Cl\u00e9mence Peyran (\u00e9ditrice de la revue). Sommaire Introduction et table des mati\u00e8res du num\u00e9ro 79\/2 (00:00) Grand format (4:18) : entretien &hellip; <a href=\"https:\/\/parolesdhistoire.fr\/index.php\/2024\/12\/11\/359-la-fabrique-des-annales-n2-un-empire-bon-marche\/\" class=\"more-link\">Continue reading<span class=\"screen-reader-text\"> &#8220;359. La fabrique des Annales (n\u00b02) : un empire bon march\u00e9&#8221;<\/span><\/a><\/p>\n","protected":false},"author":1,"featured_media":0,"comment_status":"open","ping_status":"open","sticky":false,"template":"","format":"standard","meta":{"footnotes":""},"categories":[4],"tags":[32,80,12,23],"class_list":["post-2817","post","type-post","status-publish","format-standard","hentry","category-parution","tag-annales","tag-archives","tag-colonisation","tag-russie-urss"],"_links":{"self":[{"href":"https:\/\/parolesdhistoire.fr\/index.php\/wp-json\/wp\/v2\/posts\/2817","targetHints":{"allow":["GET"]}}],"collection":[{"href":"https:\/\/parolesdhistoire.fr\/index.php\/wp-json\/wp\/v2\/posts"}],"about":[{"href":"https:\/\/parolesdhistoire.fr\/index.php\/wp-json\/wp\/v2\/types\/post"}],"author":[{"embeddable":true,"href":"https:\/\/parolesdhistoire.fr\/index.php\/wp-json\/wp\/v2\/users\/1"}],"replies":[{"embeddable":true,"href":"https:\/\/parolesdhistoire.fr\/index.php\/wp-json\/wp\/v2\/comments?post=2817"}],"version-history":[{"count":6,"href":"https:\/\/parolesdhistoire.fr\/index.php\/wp-json\/wp\/v2\/posts\/2817\/revisions"}],"predecessor-version":[{"id":3024,"href":"https:\/\/parolesdhistoire.fr\/index.php\/wp-json\/wp\/v2\/posts\/2817\/revisions\/3024"}],"wp:attachment":[{"href":"https:\/\/parolesdhistoire.fr\/index.php\/wp-json\/wp\/v2\/media?parent=2817"}],"wp:term":[{"taxonomy":"category","embeddable":true,"href":"https:\/\/parolesdhistoire.fr\/index.php\/wp-json\/wp\/v2\/categories?post=2817"},{"taxonomy":"post_tag","embeddable":true,"href":"https:\/\/parolesdhistoire.fr\/index.php\/wp-json\/wp\/v2\/tags?post=2817"}],"curies":[{"name":"wp","href":"https:\/\/api.w.org\/{rel}","templated":true}]}}