{"id":2870,"date":"2025-02-02T08:00:21","date_gmt":"2025-02-02T07:00:21","guid":{"rendered":"http:\/\/parolesdhistoire.fr\/?p=2870"},"modified":"2025-05-06T21:44:46","modified_gmt":"2025-05-06T19:44:46","slug":"366-questionner-la-tradition-avec-laurent-le-gall-et-mannaig-thomas","status":"publish","type":"post","link":"https:\/\/parolesdhistoire.fr\/index.php\/2025\/02\/02\/366-questionner-la-tradition-avec-laurent-le-gall-et-mannaig-thomas\/","title":{"rendered":"366. Questionner la &#8220;Tradition&#8221;, avec Laurent Le Gall et Manna\u00efg Thomas"},"content":{"rendered":"<p><iframe loading=\"lazy\" \n    style=\"margin: auto; min-width: 320px; border: 0;\" \n    src=\"https:\/\/player.audiomeans.fr\/player-v2\/paroles-d-histoire-0619098d0e45\/episodes\/718afe0f-c1b4-4370-afca-538548151830?mp=0&#038;leadin=0&#038;download=1&#038;std=0&#038;vert=0&#038;playlist=0&#038;color=7d7d7d&#038;theme=dark\" \n    width=\"80%\"\n    height=\"150px\"\n    allow=\"autoplay\"><br \/>\n<\/iframe><\/p>\n<p><strong><em>\u00c9mission enregistr\u00e9e en public le samedi 1<sup>er <\/sup>f\u00e9vrier 2025 au festival Longueur d\u2019ondes (Brest)<\/em><\/strong><\/p>\n<p><strong> <img loading=\"lazy\" decoding=\"async\" class=\"alignnone size-large wp-image-2873\" src=\"http:\/\/parolesdhistoire.fr\/wp-content\/uploads\/2025\/02\/Capture-decran-2025-02-01-184318-1024x426.jpg\" alt=\"\" width=\"840\" height=\"349\" srcset=\"https:\/\/parolesdhistoire.fr\/wp-content\/uploads\/2025\/02\/Capture-decran-2025-02-01-184318-1024x426.jpg 1024w, https:\/\/parolesdhistoire.fr\/wp-content\/uploads\/2025\/02\/Capture-decran-2025-02-01-184318-300x125.jpg 300w, https:\/\/parolesdhistoire.fr\/wp-content\/uploads\/2025\/02\/Capture-decran-2025-02-01-184318-768x320.jpg 768w, https:\/\/parolesdhistoire.fr\/wp-content\/uploads\/2025\/02\/Capture-decran-2025-02-01-184318-1200x500.jpg 1200w, https:\/\/parolesdhistoire.fr\/wp-content\/uploads\/2025\/02\/Capture-decran-2025-02-01-184318.jpg 1465w\" sizes=\"auto, (max-width: 709px) 85vw, (max-width: 909px) 67vw, (max-width: 1362px) 62vw, 840px\" \/><\/strong><\/p>\n<p><strong>Les invit\u00e9-es\u00a0:<\/strong><\/p>\n<ul>\n<li>Laurent Le Gall, professeur d\u2019histoire \u00e0 l\u2019universit\u00e9 de Brest<\/li>\n<li>Manna\u00efg Thomas, MCF en litt\u00e9rature \u00e0 l\u2019universit\u00e9 de Brest<\/li>\n<\/ul>\n<p><strong>Le livre\u00a0:<\/strong> <em>Tradition<\/em>, \u00e9d. Anamosa, collection \u00ab\u00a0le mot est faible\u00a0\u00bb, 2024.<\/p>\n<p><strong>La discussion\u00a0:<\/strong><\/p>\n<ul>\n<li>Pourquoi questionner la tradition\u00a0? (1:00)<\/li>\n<li>Tradition, traditionalistes (7:35)<\/li>\n<li>La tradition, corollaire de la modernit\u00e9 (12:35)<\/li>\n<li>Tradition et \u00ab\u00a0folklore\u00a0\u00bb (17:30)<\/li>\n<li>L\u2019invention des soci\u00e9t\u00e9s \u00ab\u00a0traditionnelles\u00a0\u00bb par les ethnologues et sociologues (20:45)<\/li>\n<li>Hobsbawm, Ranger et \u00ab\u00a0l\u2019invention\u00a0\u00bb de la tradition (26:25)<\/li>\n<li>Quelques objets \u00ab\u00a0traditionnels\u00a0\u00bb \u00e0 questionner\u00a0: le 1<sup>er<\/sup> mai, la baguette de tradition, les traditions de cour d\u2019\u00e9cole\u2026 (32:45)<\/li>\n<li>Question du public (44:50)<\/li>\n<\/ul>\n<p><b>T\u00e9l\u00e9charger la transcription de l\u2019\u00e9pisode :<\/b> <a href=\"https:\/\/transcripts.blubrry.com\/parolesdhistoire\/141684849-49297.srt\"><b>https:\/\/transcripts.blubrry.com\/parolesdhistoire\/141684849-49297.srt<\/b><\/a><\/p>\n<p><b>Pour supprimer le minutage de la transcription utiliser cet outil en ligne :<\/b><a href=\"https:\/\/anatolt.ru\/t\/del-timestamp-srt.html\"> <b>https:\/\/anatolt.ru\/t\/del-timestamp-srt.html<\/b><\/a><\/p>\n","protected":false},"excerpt":{"rendered":"<p>\u00c9mission enregistr\u00e9e en public le samedi 1er f\u00e9vrier 2025 au festival Longueur d\u2019ondes (Brest) Les invit\u00e9-es\u00a0: Laurent Le Gall, professeur d\u2019histoire \u00e0 l\u2019universit\u00e9 de Brest Manna\u00efg Thomas, MCF en litt\u00e9rature \u00e0 l\u2019universit\u00e9 de Brest Le livre\u00a0: Tradition, \u00e9d. Anamosa, collection \u00ab\u00a0le mot est faible\u00a0\u00bb, 2024. La discussion\u00a0: Pourquoi questionner la tradition\u00a0? (1:00) Tradition, traditionalistes (7:35) &hellip; <a href=\"https:\/\/parolesdhistoire.fr\/index.php\/2025\/02\/02\/366-questionner-la-tradition-avec-laurent-le-gall-et-mannaig-thomas\/\" class=\"more-link\">Continue reading<span class=\"screen-reader-text\"> &#8220;366. Questionner la &#8220;Tradition&#8221;, avec Laurent Le Gall et Manna\u00efg Thomas&#8221;<\/span><\/a><\/p>\n","protected":false},"author":1,"featured_media":0,"comment_status":"open","ping_status":"open","sticky":false,"template":"","format":"standard","meta":{"footnotes":""},"categories":[1,4],"tags":[],"class_list":["post-2870","post","type-post","status-publish","format-standard","hentry","category-non-classe","category-parution"],"_links":{"self":[{"href":"https:\/\/parolesdhistoire.fr\/index.php\/wp-json\/wp\/v2\/posts\/2870","targetHints":{"allow":["GET"]}}],"collection":[{"href":"https:\/\/parolesdhistoire.fr\/index.php\/wp-json\/wp\/v2\/posts"}],"about":[{"href":"https:\/\/parolesdhistoire.fr\/index.php\/wp-json\/wp\/v2\/types\/post"}],"author":[{"embeddable":true,"href":"https:\/\/parolesdhistoire.fr\/index.php\/wp-json\/wp\/v2\/users\/1"}],"replies":[{"embeddable":true,"href":"https:\/\/parolesdhistoire.fr\/index.php\/wp-json\/wp\/v2\/comments?post=2870"}],"version-history":[{"count":5,"href":"https:\/\/parolesdhistoire.fr\/index.php\/wp-json\/wp\/v2\/posts\/2870\/revisions"}],"predecessor-version":[{"id":3004,"href":"https:\/\/parolesdhistoire.fr\/index.php\/wp-json\/wp\/v2\/posts\/2870\/revisions\/3004"}],"wp:attachment":[{"href":"https:\/\/parolesdhistoire.fr\/index.php\/wp-json\/wp\/v2\/media?parent=2870"}],"wp:term":[{"taxonomy":"category","embeddable":true,"href":"https:\/\/parolesdhistoire.fr\/index.php\/wp-json\/wp\/v2\/categories?post=2870"},{"taxonomy":"post_tag","embeddable":true,"href":"https:\/\/parolesdhistoire.fr\/index.php\/wp-json\/wp\/v2\/tags?post=2870"}],"curies":[{"name":"wp","href":"https:\/\/api.w.org\/{rel}","templated":true}]}}