{"id":2954,"date":"2025-04-07T07:30:05","date_gmt":"2025-04-07T05:30:05","guid":{"rendered":"https:\/\/parolesdhistoire.fr\/?p=2954"},"modified":"2025-05-02T21:44:00","modified_gmt":"2025-05-02T19:44:00","slug":"375-retour-au-capitalisme-illiberal-avec-arnaud-orain","status":"publish","type":"post","link":"https:\/\/parolesdhistoire.fr\/index.php\/2025\/04\/07\/375-retour-au-capitalisme-illiberal-avec-arnaud-orain\/","title":{"rendered":"375. Retour au capitalisme illib\u00e9ral, avec Arnaud Orain"},"content":{"rendered":"<iframe loading=\"lazy\" src=\"https:\/\/player.blubrry.com\/?podcast_id=144229448&amp;media_url=https%3A%2F%2Fmedia.blubrry.com%2Fparolesdhistoire%2Fcontent.blubrry.com%2Fparolesdhistoire%2F375_orain.mp3&amp;modern=1#mode-Light&border-000000&progress-000000\" scrolling=\"no\" width=\"100%\" height=\"165\" frameborder=\"0\" id=\"blubrryplayer-1\" class=\"blubrryplayer\" title=\"Blubrry Podcast Player\"><\/iframe><p class=\"powerpress_links powerpress_links_mp3\" style=\"margin-bottom: 1px !important;\">Podcast: <a href=\"https:\/\/media.blubrry.com\/parolesdhistoire\/content.blubrry.com\/parolesdhistoire\/375_orain.mp3\" class=\"powerpress_link_pinw\" target=\"_blank\" title=\"Play in new window\" onclick=\"return powerpress_pinw('https:\/\/parolesdhistoire.fr\/?powerpress_pinw=2954-podcast');\" rel=\"nofollow\">Play in new window<\/a> | <a href=\"https:\/\/media.blubrry.com\/parolesdhistoire\/content.blubrry.com\/parolesdhistoire\/375_orain.mp3\" class=\"powerpress_link_d\" title=\"Download\" rel=\"nofollow\" download=\"375_orain.mp3\">Download<\/a><\/p><p class=\"powerpress_links powerpress_subscribe_links\">S'abonner :  <a href=\"https:\/\/itunes.apple.com\/fr\/podcast\/paroles-dhistoire\/id1376002842?l=en&amp;mt=2&amp;ls=1#episodeGuid=https%3A%2F%2Fparolesdhistoire.fr%2F%3Fp%3D2954\" class=\"powerpress_link_subscribe powerpress_link_subscribe_itunes\" target=\"_blank\" title=\"Subscribe on Apple Podcasts\" rel=\"nofollow\">Apple Podcasts<\/a> | <a href=\"https:\/\/open.spotify.com\/show\/57zBA3htpYUB4MJNhhlDnn\" class=\"powerpress_link_subscribe powerpress_link_subscribe_spotify\" target=\"_blank\" title=\"Subscribe on Spotify\" rel=\"nofollow\">Spotify<\/a> | <a href=\"https:\/\/subscribeonandroid.com\/feeds.audiomeans.fr\/feed\/c3e6abea-2254-416a-b8ef-0619098d0e45.xml\" class=\"powerpress_link_subscribe powerpress_link_subscribe_android\" target=\"_blank\" title=\"Subscribe on Android\" rel=\"nofollow\">Android<\/a> | <a href=\"https:\/\/www.deezer.com\/en\/show\/1000680512\" class=\"powerpress_link_subscribe powerpress_link_subscribe_deezer\" target=\"_blank\" title=\"Subscribe on Deezer\" rel=\"nofollow\">Deezer<\/a> | <a href=\"https:\/\/feeds.audiomeans.fr\/feed\/c3e6abea-2254-416a-b8ef-0619098d0e45.xml\" class=\"powerpress_link_subscribe powerpress_link_subscribe_rss\" target=\"_blank\" title=\"Subscribe via RSS\" rel=\"nofollow\">RSS<\/a> | <a href=\"https:\/\/parolesdhistoire.fr\/index.php\/sabonner\/\" class=\"powerpress_link_subscribe powerpress_link_subscribe_more\" target=\"_blank\" title=\"More\" rel=\"nofollow\">More<\/a><\/p><p><iframe loading=\"lazy\" \n    style=\"margin: auto; min-width: 320px; border: 0;\" \n    src=\"https:\/\/player.audiomeans.fr\/player-v2\/paroles-d-histoire-0619098d0e45\/episodes\/24c61cb7-2299-4721-9f12-a387a04b59ea?mp=0&#038;leadin=0&#038;download=1&#038;std=0&#038;vert=0&#038;playlist=0&#038;color=7d7d7d&#038;theme=dark\" \n    width=\"80%\"\n    height=\"150px\"\n    allow=\"autoplay\"><br \/>\n<\/iframe><\/p>\n<p><strong>L\u2019invit\u00e9\u00a0:<\/strong><\/p>\n<ul>\n<li>Arnaud Orain, \u00e9conomiste et historien, directeur d\u2019\u00e9tudes \u00e0 l\u2019EHESS<\/li>\n<\/ul>\n<p><a href=\"http:\/\/parolesdhistoire.fr\/wp-content\/uploads\/2025\/04\/couv.jpg\"><img loading=\"lazy\" decoding=\"async\" class=\"aligncenter wp-image-2955\" src=\"http:\/\/parolesdhistoire.fr\/wp-content\/uploads\/2025\/04\/couv-675x1024.jpg\" alt=\"\" width=\"463\" height=\"702\" srcset=\"https:\/\/parolesdhistoire.fr\/wp-content\/uploads\/2025\/04\/couv-675x1024.jpg 675w, https:\/\/parolesdhistoire.fr\/wp-content\/uploads\/2025\/04\/couv-198x300.jpg 198w, https:\/\/parolesdhistoire.fr\/wp-content\/uploads\/2025\/04\/couv-768x1165.jpg 768w, https:\/\/parolesdhistoire.fr\/wp-content\/uploads\/2025\/04\/couv.jpg 856w\" sizes=\"auto, (max-width: 463px) 85vw, 463px\" \/><\/a><strong>Le livre\u00a0:<\/strong><\/p>\n<ul>\n<li><em>Le monde confisqu\u00e9, essai sur le capitalisme de la finitude, XVI<sup>e<\/sup>-XXI<sup>e<\/sup> si\u00e8cles<\/em>, Paris, Flammarion, 2025.<\/li>\n<\/ul>\n<p><strong>La discussion\u00a0:<\/strong><\/p>\n<ul>\n<li>Cerner le \u00ab\u00a0capitalisme de la finitude\u00a0\u00bb (1:00)<\/li>\n<li>Est-on sorti du n\u00e9olib\u00e9ralisme\u00a0? (6:35)<\/li>\n<li>Une lecture cyclique de l\u2019histoire du capitalisme (11:00)<\/li>\n<li>La naissance du capitalisme de la finitude au temps de Grotius et des compagnies \u00e0 charte (16:20)<\/li>\n<li>La fin de ce premier cycle et le passage au lib\u00e9ralisme fin XVIIIe si\u00e8cle (22:10)<\/li>\n<li>La place ambigu\u00eb des ann\u00e9es 1880-1890, entre apog\u00e9e des \u00e9changes mondiaux et rivalit\u00e9s imp\u00e9riales (26:50)<\/li>\n<li>Les ann\u00e9es 1930 et leurs silos imp\u00e9riaux, acm\u00e9 du second capitalisme de la finitude (39:00)<\/li>\n<li>Le retour de ces logiques (43:30)<\/li>\n<\/ul>\n<p><strong>Le conseil de lecture\u00a0:<\/strong> <a href=\"https:\/\/gallica.bnf.fr\/services\/engine\/search\/sru?operation=searchRetrieve&amp;version=1.2&amp;maximumRecords=50&amp;collapsing=true&amp;exactSearch=true&amp;query=(dc.creator%20adj%20%22Schmoller%20%20Gustav%22%20or%20dc.contributor%20adj%20%22Schmoller%20%20Gustav%22)\">Gustav Schmoller<\/a><\/p>\n<p>T\u00e9l\u00e9charger la transcription de l&#8217;\u00e9pisode : <a href=\"https:\/\/transcripts.blubrry.com\/parolesdhistoire\/144229448-53053.srt\">https:\/\/transcripts.blubrry.com\/parolesdhistoire\/144229448-53053.srt<\/a><\/p>\n<p>Pour supprimer le minutage de la transcription utiliser cet outil en ligne :<a href=\"https:\/\/anatolt.ru\/t\/del-timestamp-srt.html\"> https:\/\/anatolt.ru\/t\/del-timestamp-srt.html<\/a><\/p>\n","protected":false},"excerpt":{"rendered":"<p>L\u2019invit\u00e9\u00a0: Arnaud Orain, \u00e9conomiste et historien, directeur d\u2019\u00e9tudes \u00e0 l\u2019EHESS Le livre\u00a0: Le monde confisqu\u00e9, essai sur le capitalisme de la finitude, XVIe-XXIe si\u00e8cles, Paris, Flammarion, 2025. La discussion\u00a0: Cerner le \u00ab\u00a0capitalisme de la finitude\u00a0\u00bb (1:00) Est-on sorti du n\u00e9olib\u00e9ralisme\u00a0? (6:35) Une lecture cyclique de l\u2019histoire du capitalisme (11:00) La naissance du capitalisme de la &hellip; <a href=\"https:\/\/parolesdhistoire.fr\/index.php\/2025\/04\/07\/375-retour-au-capitalisme-illiberal-avec-arnaud-orain\/\" class=\"more-link\">Continue reading<span class=\"screen-reader-text\"> &#8220;375. Retour au capitalisme illib\u00e9ral, avec Arnaud Orain&#8221;<\/span><\/a><\/p>\n","protected":false},"author":1,"featured_media":0,"comment_status":"open","ping_status":"open","sticky":false,"template":"","format":"standard","meta":{"footnotes":""},"categories":[4],"tags":[252,290],"class_list":["post-2954","post","type-post","status-publish","format-standard","hentry","category-parution","tag-capitalisme","tag-histoire-economique"],"_links":{"self":[{"href":"https:\/\/parolesdhistoire.fr\/index.php\/wp-json\/wp\/v2\/posts\/2954","targetHints":{"allow":["GET"]}}],"collection":[{"href":"https:\/\/parolesdhistoire.fr\/index.php\/wp-json\/wp\/v2\/posts"}],"about":[{"href":"https:\/\/parolesdhistoire.fr\/index.php\/wp-json\/wp\/v2\/types\/post"}],"author":[{"embeddable":true,"href":"https:\/\/parolesdhistoire.fr\/index.php\/wp-json\/wp\/v2\/users\/1"}],"replies":[{"embeddable":true,"href":"https:\/\/parolesdhistoire.fr\/index.php\/wp-json\/wp\/v2\/comments?post=2954"}],"version-history":[{"count":5,"href":"https:\/\/parolesdhistoire.fr\/index.php\/wp-json\/wp\/v2\/posts\/2954\/revisions"}],"predecessor-version":[{"id":2987,"href":"https:\/\/parolesdhistoire.fr\/index.php\/wp-json\/wp\/v2\/posts\/2954\/revisions\/2987"}],"wp:attachment":[{"href":"https:\/\/parolesdhistoire.fr\/index.php\/wp-json\/wp\/v2\/media?parent=2954"}],"wp:term":[{"taxonomy":"category","embeddable":true,"href":"https:\/\/parolesdhistoire.fr\/index.php\/wp-json\/wp\/v2\/categories?post=2954"},{"taxonomy":"post_tag","embeddable":true,"href":"https:\/\/parolesdhistoire.fr\/index.php\/wp-json\/wp\/v2\/tags?post=2954"}],"curies":[{"name":"wp","href":"https:\/\/api.w.org\/{rel}","templated":true}]}}