{"id":2977,"date":"2025-04-28T07:32:38","date_gmt":"2025-04-28T05:32:38","guid":{"rendered":"https:\/\/parolesdhistoire.fr\/?p=2977"},"modified":"2025-05-02T18:29:39","modified_gmt":"2025-05-02T16:29:39","slug":"378-lectrices-du-xixe-siecle-avec-isabelle-matamoros","status":"publish","type":"post","link":"https:\/\/parolesdhistoire.fr\/index.php\/2025\/04\/28\/378-lectrices-du-xixe-siecle-avec-isabelle-matamoros\/","title":{"rendered":"378. Lectrices du XIXe si\u00e8cle, avec Isabelle Matamoros"},"content":{"rendered":"<p><iframe loading=\"lazy\" \n    style=\"margin: auto; min-width: 320px; border: 0;\" \n    src=\"https:\/\/player.audiomeans.fr\/player-v2\/paroles-d-histoire-0619098d0e45\/episodes\/53282792-e432-4ca2-987b-5344a12ffe87?mp=0&#038;leadin=0&#038;download=1&#038;std=0&#038;vert=0&#038;playlist=0&#038;color=7d7d7d&#038;theme=dark\" \n    width=\"80%\"\n    height=\"150px\"\n    allow=\"autoplay\"><br \/>\n<\/iframe><\/p>\n<p><strong>L\u2019invit\u00e9e\u00a0:<\/strong> Isabelle Matamoros, historienne<\/p>\n<p><a href=\"http:\/\/parolesdhistoire.fr\/wp-content\/uploads\/2025\/04\/9782271151698.jpg\"><img loading=\"lazy\" decoding=\"async\" class=\"aligncenter size-full wp-image-2978\" src=\"http:\/\/parolesdhistoire.fr\/wp-content\/uploads\/2025\/04\/9782271151698.jpg\" alt=\"\" width=\"600\" height=\"920\" srcset=\"https:\/\/parolesdhistoire.fr\/wp-content\/uploads\/2025\/04\/9782271151698.jpg 600w, https:\/\/parolesdhistoire.fr\/wp-content\/uploads\/2025\/04\/9782271151698-196x300.jpg 196w\" sizes=\"auto, (max-width: 709px) 85vw, (max-width: 909px) 67vw, (max-width: 984px) 61vw, (max-width: 1362px) 45vw, 600px\" \/><\/a><strong>Le livre\u00a0:<\/strong> Le pouvoir des lectrices, une histoire de la lecture au XIXe si\u00e8cle, Paris, CNRS \u00e9ditions, 2025.<\/p>\n<p><strong>La discussion\u00a0:<\/strong><\/p>\n<ul>\n<li>Une activit\u00e9 d\u2019historienne au service de familles et de particuliers (1:00)<\/li>\n<li>Approcher les lectrices du XIXe si\u00e8cle, par leurs \u00e9crits (4:32)<\/li>\n<li>Combien de lectrices, quelles capacit\u00e9s de lectures\u00a0? (11:30)<\/li>\n<li>Les inqui\u00e9tudes politiques ou m\u00e9dicales vis-\u00e0-vis des lectures f\u00e9minines (15:00)<\/li>\n<li>Apprendre \u00e0 lire au XIXe si\u00e8cle (18:40)<\/li>\n<li>\u00c0 l\u2019adolescence, lectures prescrites, lectures interdites (26:00)<\/li>\n<li>Lieux genr\u00e9s, biblioth\u00e8ques difficilement accessibles aux femmes (32:00)<\/li>\n<li>Lectrices ais\u00e9es, lectrices populaires (39:00)<\/li>\n<li>Quelle \u00e9mancipation par le livre\u00a0? (43:00)<\/li>\n<\/ul>\n<p><strong>Les r\u00e9f\u00e9rences cit\u00e9es durant l\u2019\u00e9mission\u00a0:<\/strong><\/p>\n<ul>\n<li>Roger Chartier (dir.), <em>Pratiques de la lecture<\/em>, Paris et Marseille, Rivages, 1985.<\/li>\n<li>Martin Lyons, <em>Le triomphe du livre. Une histoire sociologique de la lecture dans la France du XIXe si\u00e8cle<\/em>, Paris, \u00c9ditions Promodis, 1987.<\/li>\n<li>Judith Lyon-Caen, <em>La lecture et la vie : les usages du roman au temps de Balzac<\/em>, Paris, Tallandier, 2006.<\/li>\n<li>Carole Christen, <em><a href=\"https:\/\/parolesdhistoire.fr\/index.php\/2023\/11\/19\/308-leducation-populaire-au-xixe-siecle-avec-carole-christen\/\">\u00c0 l\u2019\u00e9cole du soir. L\u2019\u00e9ducation du peuple \u00e0 l\u2019\u00e9poque des r\u00e9volutions (1815-1870)<\/a><\/em>, Champ Vallon, 2023.<\/li>\n<li>Isabelle Antonutti, <em><a href=\"https:\/\/books.openedition.org\/pressesenssib\/18637?format=toc\">B\u00e2tisseuses de la lecture publique. Une histoire des premi\u00e8res biblioth\u00e9caires, 1900-1950<\/a><\/em>, Paris, Presses de l\u2019ENSSIB, 2024.<\/li>\n<\/ul>\n<p><strong>Le conseil de lecture\u00a0: <\/strong><\/p>\n<ul>\n<li>Chimamanda Ngozi Adichie, <em>Ch\u00e8re Ijeawele, ou un manifeste pour une \u00e9ducation f\u00e9ministe<\/em><\/li>\n<\/ul>\n<p>image de couverture: <a class=\"collection-object_link__qM3YR\" title=\"Young Woman Reading\" href=\"https:\/\/www.metmuseum.org\/en\/art\/collection\/search\/767036\" data-sentry-element=\"Link\" data-sentry-source-file=\"index.tsx\">Young Woman Reading (<\/a>Alexandre-Louis-Marie Charpentier, 1896, Metropolitan Museum of art)<\/p>\n","protected":false},"excerpt":{"rendered":"<p>L\u2019invit\u00e9e\u00a0: Isabelle Matamoros, historienne Le livre\u00a0: Le pouvoir des lectrices, une histoire de la lecture au XIXe si\u00e8cle, Paris, CNRS \u00e9ditions, 2025. La discussion\u00a0: Une activit\u00e9 d\u2019historienne au service de familles et de particuliers (1:00) Approcher les lectrices du XIXe si\u00e8cle, par leurs \u00e9crits (4:32) Combien de lectrices, quelles capacit\u00e9s de lectures\u00a0? (11:30) Les inqui\u00e9tudes &hellip; <a href=\"https:\/\/parolesdhistoire.fr\/index.php\/2025\/04\/28\/378-lectrices-du-xixe-siecle-avec-isabelle-matamoros\/\" class=\"more-link\">Continue reading<span class=\"screen-reader-text\"> &#8220;378. Lectrices du XIXe si\u00e8cle, avec Isabelle Matamoros&#8221;<\/span><\/a><\/p>\n","protected":false},"author":1,"featured_media":0,"comment_status":"open","ping_status":"open","sticky":false,"template":"","format":"standard","meta":{"footnotes":""},"categories":[1],"tags":[188,131,142,192,34],"class_list":["post-2977","post","type-post","status-publish","format-standard","hentry","category-non-classe","tag-femmes","tag-histoire-du-genre","tag-lecture","tag-livres","tag-xixe"],"_links":{"self":[{"href":"https:\/\/parolesdhistoire.fr\/index.php\/wp-json\/wp\/v2\/posts\/2977","targetHints":{"allow":["GET"]}}],"collection":[{"href":"https:\/\/parolesdhistoire.fr\/index.php\/wp-json\/wp\/v2\/posts"}],"about":[{"href":"https:\/\/parolesdhistoire.fr\/index.php\/wp-json\/wp\/v2\/types\/post"}],"author":[{"embeddable":true,"href":"https:\/\/parolesdhistoire.fr\/index.php\/wp-json\/wp\/v2\/users\/1"}],"replies":[{"embeddable":true,"href":"https:\/\/parolesdhistoire.fr\/index.php\/wp-json\/wp\/v2\/comments?post=2977"}],"version-history":[{"count":4,"href":"https:\/\/parolesdhistoire.fr\/index.php\/wp-json\/wp\/v2\/posts\/2977\/revisions"}],"predecessor-version":[{"id":2984,"href":"https:\/\/parolesdhistoire.fr\/index.php\/wp-json\/wp\/v2\/posts\/2977\/revisions\/2984"}],"wp:attachment":[{"href":"https:\/\/parolesdhistoire.fr\/index.php\/wp-json\/wp\/v2\/media?parent=2977"}],"wp:term":[{"taxonomy":"category","embeddable":true,"href":"https:\/\/parolesdhistoire.fr\/index.php\/wp-json\/wp\/v2\/categories?post=2977"},{"taxonomy":"post_tag","embeddable":true,"href":"https:\/\/parolesdhistoire.fr\/index.php\/wp-json\/wp\/v2\/tags?post=2977"}],"curies":[{"name":"wp","href":"https:\/\/api.w.org\/{rel}","templated":true}]}}