{"id":2991,"date":"2025-05-05T12:00:02","date_gmt":"2025-05-05T10:00:02","guid":{"rendered":"https:\/\/parolesdhistoire.fr\/?p=2991"},"modified":"2025-05-11T18:25:12","modified_gmt":"2025-05-11T16:25:12","slug":"380-les-clefs-des-conclaves-avec-etienne-anheim","status":"publish","type":"post","link":"https:\/\/parolesdhistoire.fr\/index.php\/2025\/05\/05\/380-les-clefs-des-conclaves-avec-etienne-anheim\/","title":{"rendered":"379. La gen\u00e8se m\u00e9di\u00e9vale du conclave, avec Etienne Anheim"},"content":{"rendered":"<p><iframe loading=\"lazy\" \n    style=\"margin: auto; min-width: 320px; border: 0;\" \n    src=\"https:\/\/player.audiomeans.fr\/player-v2\/paroles-d-histoire-0619098d0e45\/episodes\/35287326-b796-4f4e-83f4-85e1f9205990?mp=0&#038;leadin=0&#038;download=1&#038;std=0&#038;vert=0&#038;playlist=0&#038;color=7d7d7d&#038;theme=dark\" \n    width=\"80%\"\n    height=\"150px\"\n    allow=\"autoplay\"><br \/>\n<\/iframe><br \/>\n<strong>L&#8217;invit\u00e9:<\/strong> Etienne Anheim, directeur d&#8217;\u00e9tudes \u00e0 l&#8217;EHESS<\/p>\n<p><em><a href=\"http:\/\/parolesdhistoire.fr\/wp-content\/uploads\/2025\/05\/MINIATURES.jpg\"><img loading=\"lazy\" decoding=\"async\" class=\"aligncenter size-large wp-image-2994\" src=\"http:\/\/parolesdhistoire.fr\/wp-content\/uploads\/2025\/05\/MINIATURES-1024x576.jpg\" alt=\"\" width=\"840\" height=\"473\" srcset=\"https:\/\/parolesdhistoire.fr\/wp-content\/uploads\/2025\/05\/MINIATURES-1024x576.jpg 1024w, https:\/\/parolesdhistoire.fr\/wp-content\/uploads\/2025\/05\/MINIATURES-300x169.jpg 300w, https:\/\/parolesdhistoire.fr\/wp-content\/uploads\/2025\/05\/MINIATURES-768x432.jpg 768w, https:\/\/parolesdhistoire.fr\/wp-content\/uploads\/2025\/05\/MINIATURES-1200x675.jpg 1200w, https:\/\/parolesdhistoire.fr\/wp-content\/uploads\/2025\/05\/MINIATURES.jpg 1280w\" sizes=\"auto, (max-width: 709px) 85vw, (max-width: 909px) 67vw, (max-width: 1362px) 62vw, 840px\" \/><\/a>illustration: \u00e9lection pontificale dans la Cronica de Giovanni Villani, 1e moiti\u00e9 du XIVe s., Bibl. Vat. Chig.L.VIII.296, fol. 186v<\/em><\/p>\n<p><strong>La discussion\u00a0:<\/strong><\/p>\n<ul>\n<li>Le conclave, objet historique en apparence r\u00e9ifi\u00e9 par la tradition de l\u2019\u00c9glise (1\u00a0:00)<\/li>\n<li>D\u00e9signer les papes dans l\u2019\u00c9glise du haut Moyen \u00e2ge (4:00)<\/li>\n<li>Les tournants du XIe si\u00e8cle et de la r\u00e9forme gr\u00e9gorienne, avec l\u2019\u00e9lection par les cardinaux (9:00)<\/li>\n<li>Qu\u2019est-ce qu\u2019un cardinal\u00a0? (18:00)<\/li>\n<li>La naissance du conclave\u00a0: Gr\u00e9goire X, <em>Ubi periculum<\/em>, 1274 (28:35)<\/li>\n<li>Vers la fixation spatiale des papes, et la papaut\u00e9 d\u2019Avignon (36:00)<\/li>\n<li>Les surprises des conclaves, avec Jean XXII et le Grand Schisme (44:00)<\/li>\n<li>Un Moyen \u00e2ge o\u00f9 foisonnent les \u00e9lections (51:35)<\/li>\n<\/ul>\n<p><strong>Les r\u00e9f\u00e9rences cit\u00e9es dans l\u2019\u00e9mission\u00a0:<\/strong><\/p>\n<ul>\n<li>Olivier Christin, <em>Vox populi. Une histoire du vote avant le suffrage universel<\/em>, Paris, Seuil, 2014.<\/li>\n<li>Olivier Christin, <a href=\"https:\/\/laviedesidees.fr\/Le-lent-triomphe-du-nombre\">\u00ab\u00a0le lent triomphe du nombre\u00a0\u00bb<\/a><\/li>\n<li>Renaud Villard, <a href=\"https:\/\/shs.cairn.info\/revue-annales-2009-2-page-375?lang=fr\">\u00ab\u00a0Le conclave des parieurs Paris, opinion publique et continuit\u00e9 du pouvoir pontifical \u00e0 Rome au XVIe si\u00e8cle\u00a0\u00bb<\/a>, <em> Histoire, Sciences Sociales<\/em>, 64\/2, p. 375-403.<\/li>\n<\/ul>\n<p>&nbsp;<\/p>\n","protected":false},"excerpt":{"rendered":"<p>L&#8217;invit\u00e9: Etienne Anheim, directeur d&#8217;\u00e9tudes \u00e0 l&#8217;EHESS illustration: \u00e9lection pontificale dans la Cronica de Giovanni Villani, 1e moiti\u00e9 du XIVe s., Bibl. Vat. Chig.L.VIII.296, fol. 186v La discussion\u00a0: Le conclave, objet historique en apparence r\u00e9ifi\u00e9 par la tradition de l\u2019\u00c9glise (1\u00a0:00) D\u00e9signer les papes dans l\u2019\u00c9glise du haut Moyen \u00e2ge (4:00) Les tournants du XIe &hellip; <a href=\"https:\/\/parolesdhistoire.fr\/index.php\/2025\/05\/05\/380-les-clefs-des-conclaves-avec-etienne-anheim\/\" class=\"more-link\">Continue reading<span class=\"screen-reader-text\"> &#8220;379. La gen\u00e8se m\u00e9di\u00e9vale du conclave, avec Etienne Anheim&#8221;<\/span><\/a><\/p>\n","protected":false},"author":1,"featured_media":0,"comment_status":"open","ping_status":"open","sticky":false,"template":"","format":"standard","meta":{"footnotes":""},"categories":[1],"tags":[54,63],"class_list":["post-2991","post","type-post","status-publish","format-standard","hentry","category-non-classe","tag-histoire-medievale","tag-religion"],"_links":{"self":[{"href":"https:\/\/parolesdhistoire.fr\/index.php\/wp-json\/wp\/v2\/posts\/2991","targetHints":{"allow":["GET"]}}],"collection":[{"href":"https:\/\/parolesdhistoire.fr\/index.php\/wp-json\/wp\/v2\/posts"}],"about":[{"href":"https:\/\/parolesdhistoire.fr\/index.php\/wp-json\/wp\/v2\/types\/post"}],"author":[{"embeddable":true,"href":"https:\/\/parolesdhistoire.fr\/index.php\/wp-json\/wp\/v2\/users\/1"}],"replies":[{"embeddable":true,"href":"https:\/\/parolesdhistoire.fr\/index.php\/wp-json\/wp\/v2\/comments?post=2991"}],"version-history":[{"count":4,"href":"https:\/\/parolesdhistoire.fr\/index.php\/wp-json\/wp\/v2\/posts\/2991\/revisions"}],"predecessor-version":[{"id":2996,"href":"https:\/\/parolesdhistoire.fr\/index.php\/wp-json\/wp\/v2\/posts\/2991\/revisions\/2996"}],"wp:attachment":[{"href":"https:\/\/parolesdhistoire.fr\/index.php\/wp-json\/wp\/v2\/media?parent=2991"}],"wp:term":[{"taxonomy":"category","embeddable":true,"href":"https:\/\/parolesdhistoire.fr\/index.php\/wp-json\/wp\/v2\/categories?post=2991"},{"taxonomy":"post_tag","embeddable":true,"href":"https:\/\/parolesdhistoire.fr\/index.php\/wp-json\/wp\/v2\/tags?post=2991"}],"curies":[{"name":"wp","href":"https:\/\/api.w.org\/{rel}","templated":true}]}}