{"id":3045,"date":"2025-05-26T07:15:34","date_gmt":"2025-05-26T05:15:34","guid":{"rendered":"https:\/\/parolesdhistoire.fr\/?p=3045"},"modified":"2025-06-01T12:25:09","modified_gmt":"2025-06-01T10:25:09","slug":"383-lautre-marche-de-lart-avec-sophie-cras-et-charlotte-guichard","status":"publish","type":"post","link":"https:\/\/parolesdhistoire.fr\/index.php\/2025\/05\/26\/383-lautre-marche-de-lart-avec-sophie-cras-et-charlotte-guichard\/","title":{"rendered":"383. L&#8217;autre march\u00e9 de l&#8217;art, avec Sophie Cras et Charlotte Guichard"},"content":{"rendered":"<p><iframe loading=\"lazy\" style=\"margin: auto; min-width: 320px; border: 0;\" src=\"https:\/\/player.audiomeans.fr\/player-v2\/paroles-d-histoire-0619098d0e45\/episodes\/7326756d-cca4-4601-a7e8-69198a6aba42?mp=0&amp;leadin=0&amp;download=1&amp;std=0&amp;vert=0&amp;playlist=0&amp;color=7d7d7d&amp;theme=dark\" width=\"80%\" height=\"150px\"><br \/>\n<\/iframe><\/p>\n<p><strong>Les invit\u00e9es\u00a0:<\/strong><\/p>\n<ul>\n<li>Charlotte Guichard, professeure \u00e0 l\u2019\u00c9cole Normale sup\u00e9rieure<\/li>\n<li>Sophie Cras, ma\u00eetresse de conf\u00e9rences \u00e0 Paris-I<\/li>\n<\/ul>\n<p><a href=\"http:\/\/parolesdhistoire.fr\/wp-content\/uploads\/2025\/05\/147211_couverture_Hres_0.jpg\"><img loading=\"lazy\" decoding=\"async\" class=\"aligncenter wp-image-3046\" src=\"http:\/\/parolesdhistoire.fr\/wp-content\/uploads\/2025\/05\/147211_couverture_Hres_0-661x1024.jpg\" alt=\"\" width=\"400\" height=\"620\" srcset=\"https:\/\/parolesdhistoire.fr\/wp-content\/uploads\/2025\/05\/147211_couverture_Hres_0-661x1024.jpg 661w, https:\/\/parolesdhistoire.fr\/wp-content\/uploads\/2025\/05\/147211_couverture_Hres_0-194x300.jpg 194w, https:\/\/parolesdhistoire.fr\/wp-content\/uploads\/2025\/05\/147211_couverture_Hres_0-768x1190.jpg 768w, https:\/\/parolesdhistoire.fr\/wp-content\/uploads\/2025\/05\/147211_couverture_Hres_0-991x1536.jpg 991w, https:\/\/parolesdhistoire.fr\/wp-content\/uploads\/2025\/05\/147211_couverture_Hres_0-1200x1859.jpg 1200w, https:\/\/parolesdhistoire.fr\/wp-content\/uploads\/2025\/05\/147211_couverture_Hres_0.jpg 1291w\" sizes=\"auto, (max-width: 400px) 85vw, 400px\" \/><\/a><strong>Le livre\u00a0:<\/strong> <em>Vendre son art. De la Renaissance \u00e0 nos jours<\/em>, Paris, Seuil, \u00ab\u00a0L\u2019Univers historique\u00a0\u00bb, 2025.<\/p>\n<p><strong>La discussion\u00a0:<\/strong><\/p>\n<ul>\n<li>Un regard sur le \u00ab\u00a0premier\u00a0\u00bb march\u00e9 de l\u2019art sur une longue dur\u00e9e (1:00)<\/li>\n<li>Les sources \u00e9manant des artistes (6:25)<\/li>\n<li>Qu\u2019est-ce qui fait la valeur d\u2019une \u0153uvre\u00a0? styles, formats, sujets\u2026 (9:15)<\/li>\n<li>Une \u00ab\u00a0\u00e9conomie de l\u2019attachement\u00a0\u00bb entre les artistes et leurs clients (16:00)<\/li>\n<li>Des artistes pas toujours libres de vendre (26:45)<\/li>\n<li>La cr\u00e9ation fa\u00e7onn\u00e9e par les strat\u00e9gies \u00e9conomiques\u00a0? (32:45)<\/li>\n<li>Vendre son art \u00e0 Paris, \u00e0 New York, en Chine\u2026 (44:00)<\/li>\n<\/ul>\n<p><strong>Le conseil de lecture\u00a0: <\/strong><em>R\u00e9unir les bouts du monde : art, histoire esclavage en m\u00e9moire, <\/em>d\u2019Elvan Zabunyan<\/p>\n<p>Un podcast cr\u00e9\u00e9, anim\u00e9 et produit par Andr\u00e9 Loez et distribu\u00e9 par Binge Audio. Contact pub : project@binge.audio<\/p>\n","protected":false},"excerpt":{"rendered":"<p>Les invit\u00e9es\u00a0: Charlotte Guichard, professeure \u00e0 l\u2019\u00c9cole Normale sup\u00e9rieure Sophie Cras, ma\u00eetresse de conf\u00e9rences \u00e0 Paris-I Le livre\u00a0: Vendre son art. De la Renaissance \u00e0 nos jours, Paris, Seuil, \u00ab\u00a0L\u2019Univers historique\u00a0\u00bb, 2025. La discussion\u00a0: Un regard sur le \u00ab\u00a0premier\u00a0\u00bb march\u00e9 de l\u2019art sur une longue dur\u00e9e (1:00) Les sources \u00e9manant des artistes (6:25) Qu\u2019est-ce qui &hellip; <a href=\"https:\/\/parolesdhistoire.fr\/index.php\/2025\/05\/26\/383-lautre-marche-de-lart-avec-sophie-cras-et-charlotte-guichard\/\" class=\"more-link\">Continue reading<span class=\"screen-reader-text\"> &#8220;383. L&#8217;autre march\u00e9 de l&#8217;art, avec Sophie Cras et Charlotte Guichard&#8221;<\/span><\/a><\/p>\n","protected":false},"author":1,"featured_media":0,"comment_status":"open","ping_status":"open","sticky":false,"template":"","format":"standard","meta":{"footnotes":""},"categories":[1],"tags":[],"class_list":["post-3045","post","type-post","status-publish","format-standard","hentry","category-non-classe"],"_links":{"self":[{"href":"https:\/\/parolesdhistoire.fr\/index.php\/wp-json\/wp\/v2\/posts\/3045","targetHints":{"allow":["GET"]}}],"collection":[{"href":"https:\/\/parolesdhistoire.fr\/index.php\/wp-json\/wp\/v2\/posts"}],"about":[{"href":"https:\/\/parolesdhistoire.fr\/index.php\/wp-json\/wp\/v2\/types\/post"}],"author":[{"embeddable":true,"href":"https:\/\/parolesdhistoire.fr\/index.php\/wp-json\/wp\/v2\/users\/1"}],"replies":[{"embeddable":true,"href":"https:\/\/parolesdhistoire.fr\/index.php\/wp-json\/wp\/v2\/comments?post=3045"}],"version-history":[{"count":5,"href":"https:\/\/parolesdhistoire.fr\/index.php\/wp-json\/wp\/v2\/posts\/3045\/revisions"}],"predecessor-version":[{"id":3059,"href":"https:\/\/parolesdhistoire.fr\/index.php\/wp-json\/wp\/v2\/posts\/3045\/revisions\/3059"}],"wp:attachment":[{"href":"https:\/\/parolesdhistoire.fr\/index.php\/wp-json\/wp\/v2\/media?parent=3045"}],"wp:term":[{"taxonomy":"category","embeddable":true,"href":"https:\/\/parolesdhistoire.fr\/index.php\/wp-json\/wp\/v2\/categories?post=3045"},{"taxonomy":"post_tag","embeddable":true,"href":"https:\/\/parolesdhistoire.fr\/index.php\/wp-json\/wp\/v2\/tags?post=3045"}],"curies":[{"name":"wp","href":"https:\/\/api.w.org\/{rel}","templated":true}]}}