{"id":3218,"date":"2025-10-25T07:00:38","date_gmt":"2025-10-25T05:00:38","guid":{"rendered":"https:\/\/parolesdhistoire.fr\/?p=3218"},"modified":"2025-10-24T12:02:32","modified_gmt":"2025-10-24T10:02:32","slug":"406-faire-de-lhistoire-au-canada-a-lere-trump-avec-eric-jennings","status":"publish","type":"post","link":"https:\/\/parolesdhistoire.fr\/index.php\/2025\/10\/25\/406-faire-de-lhistoire-au-canada-a-lere-trump-avec-eric-jennings\/","title":{"rendered":"406. Faire de l&#8217;histoire au Canada \u00e0 l&#8217;\u00e8re Trump, avec Eric Jennings"},"content":{"rendered":"<p><iframe loading=\"lazy\" \n    style=\"margin: auto; min-width: 320px; border: 0;\" \n    src=\"https:\/\/player.audiomeans.fr\/player-v2\/paroles-d-histoire-0619098d0e45\/episodes\/d01ba24f-b125-4e64-8a3c-e7c97f4d21fc?mp=0&#038;leadin=0&#038;download=1&#038;std=0&#038;vert=0&#038;playlist=0&#038;color=7d7d7d&#038;theme=dark\" \n    width=\"80%\"\n    height=\"150px\"\n    allow=\"autoplay\"><br \/>\n<\/iframe><\/p>\n<p><strong>Le th\u00e8me\u00a0:<\/strong> faire de l\u2019histoire au Canada \u00e0 l\u2019\u00e8re Trump<\/p>\n<p><a href=\"http:\/\/parolesdhistoire.fr\/wp-content\/uploads\/2025\/10\/MINIATURES.jpg\"><img loading=\"lazy\" decoding=\"async\" class=\"aligncenter size-large wp-image-3219\" src=\"http:\/\/parolesdhistoire.fr\/wp-content\/uploads\/2025\/10\/MINIATURES-1024x576.jpg\" alt=\"\" width=\"840\" height=\"473\" srcset=\"https:\/\/parolesdhistoire.fr\/wp-content\/uploads\/2025\/10\/MINIATURES-1024x576.jpg 1024w, https:\/\/parolesdhistoire.fr\/wp-content\/uploads\/2025\/10\/MINIATURES-300x169.jpg 300w, https:\/\/parolesdhistoire.fr\/wp-content\/uploads\/2025\/10\/MINIATURES-768x432.jpg 768w, https:\/\/parolesdhistoire.fr\/wp-content\/uploads\/2025\/10\/MINIATURES-1200x675.jpg 1200w, https:\/\/parolesdhistoire.fr\/wp-content\/uploads\/2025\/10\/MINIATURES.jpg 1280w\" sizes=\"auto, (max-width: 709px) 85vw, (max-width: 909px) 67vw, (max-width: 1362px) 62vw, 840px\" \/><\/a><strong>L\u2019invit\u00e9\u00a0:<\/strong> Eric Jennings, professeur \u00e0 l\u2019universit\u00e9 de Toronto<\/p>\n<p>Les \u00e9missions mentionn\u00e9es :<\/p>\n<ul>\n<li><a href=\"https:\/\/parolesdhistoire.fr\/index.php\/2020\/09\/28\/152-la-filiere-martiniquaise-pour-fuir-vichy-avec-eric-jennings\/\">152. La fili\u00e8re martiniquaise pour fuir Vichy, avec Eric Jennings<\/a><\/li>\n<li><a href=\"https:\/\/parolesdhistoire.fr\/index.php\/2022\/03\/28\/243-faire-de-lhistoire-en-belgique-avec-pieter-lagrou-et-amandine-lauro\/\">243. Faire de l&#8217;histoire en Belgique, avec Pieter Lagrou et Amandine Lauro<\/a><\/li>\n<\/ul>\n<p>Pr\u00e9commandez le livre &#8220;Guerres oubli\u00e9es&#8221; :\u00a0<a href=\"https:\/\/fr.ulule.com\/conflits\/\">https:\/\/fr.ulule.com\/conflits\/\u00a0<\/a><\/p>\n","protected":false},"excerpt":{"rendered":"<p>Le th\u00e8me\u00a0: faire de l\u2019histoire au Canada \u00e0 l\u2019\u00e8re Trump L\u2019invit\u00e9\u00a0: Eric Jennings, professeur \u00e0 l\u2019universit\u00e9 de Toronto Les \u00e9missions mentionn\u00e9es : 152. La fili\u00e8re martiniquaise pour fuir Vichy, avec Eric Jennings 243. Faire de l&#8217;histoire en Belgique, avec Pieter Lagrou et Amandine Lauro Pr\u00e9commandez le livre &#8220;Guerres oubli\u00e9es&#8221; :\u00a0https:\/\/fr.ulule.com\/conflits\/\u00a0<\/p>\n","protected":false},"author":1,"featured_media":0,"comment_status":"open","ping_status":"open","sticky":false,"template":"","format":"standard","meta":{"footnotes":""},"categories":[1],"tags":[207,81,51],"class_list":["post-3218","post","type-post","status-publish","format-standard","hentry","category-non-classe","tag-canada","tag-etats-unis","tag-metier"],"_links":{"self":[{"href":"https:\/\/parolesdhistoire.fr\/index.php\/wp-json\/wp\/v2\/posts\/3218","targetHints":{"allow":["GET"]}}],"collection":[{"href":"https:\/\/parolesdhistoire.fr\/index.php\/wp-json\/wp\/v2\/posts"}],"about":[{"href":"https:\/\/parolesdhistoire.fr\/index.php\/wp-json\/wp\/v2\/types\/post"}],"author":[{"embeddable":true,"href":"https:\/\/parolesdhistoire.fr\/index.php\/wp-json\/wp\/v2\/users\/1"}],"replies":[{"embeddable":true,"href":"https:\/\/parolesdhistoire.fr\/index.php\/wp-json\/wp\/v2\/comments?post=3218"}],"version-history":[{"count":4,"href":"https:\/\/parolesdhistoire.fr\/index.php\/wp-json\/wp\/v2\/posts\/3218\/revisions"}],"predecessor-version":[{"id":3223,"href":"https:\/\/parolesdhistoire.fr\/index.php\/wp-json\/wp\/v2\/posts\/3218\/revisions\/3223"}],"wp:attachment":[{"href":"https:\/\/parolesdhistoire.fr\/index.php\/wp-json\/wp\/v2\/media?parent=3218"}],"wp:term":[{"taxonomy":"category","embeddable":true,"href":"https:\/\/parolesdhistoire.fr\/index.php\/wp-json\/wp\/v2\/categories?post=3218"},{"taxonomy":"post_tag","embeddable":true,"href":"https:\/\/parolesdhistoire.fr\/index.php\/wp-json\/wp\/v2\/tags?post=3218"}],"curies":[{"name":"wp","href":"https:\/\/api.w.org\/{rel}","templated":true}]}}