{"id":3224,"date":"2025-10-27T07:00:33","date_gmt":"2025-10-27T06:00:33","guid":{"rendered":"https:\/\/parolesdhistoire.fr\/?p=3224"},"modified":"2025-10-27T10:13:04","modified_gmt":"2025-10-27T09:13:04","slug":"407-vraies-histoires-de-faux-avec-nicolas-sarzeaud","status":"publish","type":"post","link":"https:\/\/parolesdhistoire.fr\/index.php\/2025\/10\/27\/407-vraies-histoires-de-faux-avec-nicolas-sarzeaud\/","title":{"rendered":"407. Vraies histoires de faux, avec Nicolas Sarzeaud"},"content":{"rendered":"<p><iframe loading=\"lazy\" style=\"margin: auto; min-width: 320px; border: 0;\" src=\"https:\/\/player.audiomeans.fr\/player-v2\/paroles-d-histoire-0619098d0e45\/episodes\/f1491533-ca6f-4ae6-8d88-af143dfbd1f2?mp=0&amp;leadin=0&amp;download=1&amp;std=0&amp;vert=0&amp;playlist=0&amp;color=7d7d7d&amp;theme=dark\" width=\"80%\" height=\"150px\"><span style=\"display: inline-block; width: 0px; overflow: hidden; line-height: 0;\" data-mce-type=\"bookmark\" class=\"mce_SELRES_start\">\ufeff<\/span><br \/>\n<\/iframe><\/p>\n<p><strong>Le th\u00e8me\u00a0:<\/strong> faux, falsifications, faussaires autour du Moyen \u00e2ge<\/p>\n<p><strong>L\u2019invit\u00e9\u00a0:<\/strong> Nicolas Sarzeaud, post-doctorant \u00e0 l\u2019universit\u00e9 de Louvain<\/p>\n<p><strong>La discussion\u00a0:<\/strong><\/p>\n<ul>\n<li>Actualit\u00e9 du faux m\u00e9di\u00e9val (1:00)<\/li>\n<li>La cr\u00e9ation de faux au XIXe si\u00e8cle (5:30)<\/li>\n<li>Pastiches et exercices de style (Pal\u00e9mon Glorieux represent) (15:30)<\/li>\n<li>L\u2019affaire du faux de Robert d\u2019Artois (17:15)<\/li>\n<li>L\u2019\u00c9glise et le faux (23:10)<\/li>\n<li>Quelles intentions derri\u00e8re les faux m\u00e9di\u00e9vaux\u00a0? (27:00)<\/li>\n<li>Retour sur la donation de Constantin (30:30)<\/li>\n<li>Faux objets et fausses reliques (36:15)<\/li>\n<\/ul>\n<p><strong>Les r\u00e9f\u00e9rences mentionn\u00e9es dans l\u2019\u00e9mission\u00a0:<\/strong><\/p>\n<ul>\n<li style=\"list-style-type: none;\">\n<ul>\n<li><a href=\"https:\/\/parolesdhistoire.fr\/index.php\/2019\/10\/16\/77-faire-lhistoire-medievale-du-saint-suaire-avec-nicolas-sarzeaud\/\">entretien avec Nicolas Sarzeaud sur le suaire<\/a><\/li>\n<li>Nicolas Sarzeaud, <em>Les suaires du Christ en Occident. Du Moyen \u00c2ge \u00e0 nos jours<\/em>, pr\u00e9face de J.-C. Schmitt, Paris, Cerf, 2024.<\/li>\n<li>Nicolas Sarzeaud,<a href=\"https:\/\/www.tandfonline.com\/doi\/full\/10.1080\/03044181.2025.2546884#abstract\"> \u00ab\u00a0Fighting false relics\u2026\u00a0\u00bb<\/a>, 2025<\/li>\n<li>Paul Bertrand, <em>Forger le faux Les usages de l&#8217;\u00e9crit au Moyen \u00c2ge<\/em>, Seuil, \u00ab\u00a0L&#8217;Univers historique\u00a0\u00bb, 2025.<\/li>\n<li>B\u00e9atrice Fraenkel, <em>La Signature. Gen\u00e8se d\u2019un signe<\/em>, Paris, Gallimard, coll. \u00ab Biblioth\u00e8que des histoires \u00bb, 1992<\/li>\n<li>Langlois et Seignobos, <em><a href=\"https:\/\/classiques.uqam.ca\/classiques\/langlois_charles_victor\/intro_etudes_historiques\/intro_etudes_historiques.html\">Introduction aux \u00e9tudes historiques<\/a><\/em><\/li>\n<li>Exposition <a href=\"https:\/\/www.archives-nationales.culture.gouv.fr\/evenements\/faux-et-faussaires-du-moyen-age-nos-jours\">Faux et faussaires<\/a> aux AN<\/li>\n<li>Exposition <a href=\"https:\/\/www.musee-moyenage.fr\/activites\/expositions\/expositions-en-cours-.html\">Le Moyen \u00c2ge du XIXe si\u00e8cle. Cr\u00e9ations et faux dans les arts pr\u00e9cieux<\/a> au Mus\u00e9e de Cluny<\/li>\n<li>Thierry Lenain, Art Forgery: The History of a Modern Obsession. Londres, Reaktion Books, 2011.<\/li>\n<li>Collectif, <em><a href=\"http:\/\/www.zones-sensibles.org\/collectif-snml-anatomie-dune-contrefacon\/\"> Anatomie d\u2019une contrefa\u00e7on<\/a><\/em>, Zones sensibles, 2020.<\/li>\n<li>Luciano Canfora, <em>La Fabuleuse Histoire du faux papyrus d\u2019Art\u00e9midore<\/em>, Anarcharsis, coll. &#8220;Essais&#8221;, 2014.<\/li>\n<\/ul>\n<\/li>\n<\/ul>\n","protected":false},"excerpt":{"rendered":"<p>\ufeff Le th\u00e8me\u00a0: faux, falsifications, faussaires autour du Moyen \u00e2ge L\u2019invit\u00e9\u00a0: Nicolas Sarzeaud, post-doctorant \u00e0 l\u2019universit\u00e9 de Louvain La discussion\u00a0: Actualit\u00e9 du faux m\u00e9di\u00e9val (1:00) La cr\u00e9ation de faux au XIXe si\u00e8cle (5:30) Pastiches et exercices de style (Pal\u00e9mon Glorieux represent) (15:30) L\u2019affaire du faux de Robert d\u2019Artois (17:15) L\u2019\u00c9glise et le faux (23:10) Quelles &hellip; <a href=\"https:\/\/parolesdhistoire.fr\/index.php\/2025\/10\/27\/407-vraies-histoires-de-faux-avec-nicolas-sarzeaud\/\" class=\"more-link\">Continue reading<span class=\"screen-reader-text\"> &#8220;407. Vraies histoires de faux, avec Nicolas Sarzeaud&#8221;<\/span><\/a><\/p>\n","protected":false},"author":1,"featured_media":0,"comment_status":"open","ping_status":"open","sticky":false,"template":"","format":"standard","meta":{"footnotes":""},"categories":[1],"tags":[54,84],"class_list":["post-3224","post","type-post","status-publish","format-standard","hentry","category-non-classe","tag-histoire-medievale","tag-medievalisme"],"_links":{"self":[{"href":"https:\/\/parolesdhistoire.fr\/index.php\/wp-json\/wp\/v2\/posts\/3224","targetHints":{"allow":["GET"]}}],"collection":[{"href":"https:\/\/parolesdhistoire.fr\/index.php\/wp-json\/wp\/v2\/posts"}],"about":[{"href":"https:\/\/parolesdhistoire.fr\/index.php\/wp-json\/wp\/v2\/types\/post"}],"author":[{"embeddable":true,"href":"https:\/\/parolesdhistoire.fr\/index.php\/wp-json\/wp\/v2\/users\/1"}],"replies":[{"embeddable":true,"href":"https:\/\/parolesdhistoire.fr\/index.php\/wp-json\/wp\/v2\/comments?post=3224"}],"version-history":[{"count":5,"href":"https:\/\/parolesdhistoire.fr\/index.php\/wp-json\/wp\/v2\/posts\/3224\/revisions"}],"predecessor-version":[{"id":3229,"href":"https:\/\/parolesdhistoire.fr\/index.php\/wp-json\/wp\/v2\/posts\/3224\/revisions\/3229"}],"wp:attachment":[{"href":"https:\/\/parolesdhistoire.fr\/index.php\/wp-json\/wp\/v2\/media?parent=3224"}],"wp:term":[{"taxonomy":"category","embeddable":true,"href":"https:\/\/parolesdhistoire.fr\/index.php\/wp-json\/wp\/v2\/categories?post=3224"},{"taxonomy":"post_tag","embeddable":true,"href":"https:\/\/parolesdhistoire.fr\/index.php\/wp-json\/wp\/v2\/tags?post=3224"}],"curies":[{"name":"wp","href":"https:\/\/api.w.org\/{rel}","templated":true}]}}