{"id":3260,"date":"2025-12-08T07:00:31","date_gmt":"2025-12-08T06:00:31","guid":{"rendered":"https:\/\/parolesdhistoire.fr\/?p=3260"},"modified":"2025-12-08T00:03:13","modified_gmt":"2025-12-07T23:03:13","slug":"412-ecrire-la-prehistoire-avec-pierre-schoentjes","status":"publish","type":"post","link":"https:\/\/parolesdhistoire.fr\/index.php\/2025\/12\/08\/412-ecrire-la-prehistoire-avec-pierre-schoentjes\/","title":{"rendered":"412. \u00c9crire la Pr\u00e9histoire, avec Pierre Schoentjes"},"content":{"rendered":"<p><iframe loading=\"lazy\" style=\"margin: auto; min-width: 320px; border: 0;\" src=\"https:\/\/player.audiomeans.fr\/player-v2\/paroles-d-histoire-0619098d0e45\/episodes\/e7239bb2-aa5b-42e2-8fd2-496965885d01?mp=0&amp;leadin=0&amp;download=1&amp;std=0&amp;vert=0&amp;playlist=0&amp;color=7d7d7d&amp;theme=dark\" width=\"80%\" height=\"150px\"><span style=\"display: inline-block; width: 0px; overflow: hidden; line-height: 0;\" data-mce-type=\"bookmark\" class=\"mce_SELRES_start\">\ufeff<\/span><br \/>\n<\/iframe><br \/>\n<strong>L\u2019invit\u00e9\u00a0: <\/strong>Pierre Schoentjes, professeur \u00e0 l\u2019Universit\u00e9 de Gand, sp\u00e9cialiste de litt\u00e9rature fran\u00e7aise<\/p>\n<p><strong><a href=\"http:\/\/parolesdhistoire.fr\/wp-content\/uploads\/2025\/12\/bafkreifocgaborv7kb2zjczpzedbprexz4vzyof677b5olhugl46qhgfh4.jpg\"><img loading=\"lazy\" decoding=\"async\" class=\"aligncenter size-full wp-image-3261\" src=\"http:\/\/parolesdhistoire.fr\/wp-content\/uploads\/2025\/12\/bafkreifocgaborv7kb2zjczpzedbprexz4vzyof677b5olhugl46qhgfh4.jpg\" alt=\"\" width=\"583\" height=\"781\" srcset=\"https:\/\/parolesdhistoire.fr\/wp-content\/uploads\/2025\/12\/bafkreifocgaborv7kb2zjczpzedbprexz4vzyof677b5olhugl46qhgfh4.jpg 583w, https:\/\/parolesdhistoire.fr\/wp-content\/uploads\/2025\/12\/bafkreifocgaborv7kb2zjczpzedbprexz4vzyof677b5olhugl46qhgfh4-224x300.jpg 224w\" sizes=\"auto, (max-width: 583px) 85vw, 583px\" \/><\/a><\/strong><strong>Le livre\u00a0: <\/strong><em>Inventer des grottes. Pr\u00e9-histoires romanesques<\/em>, Marseille, Le mot et le reste, 2025.<\/p>\n<p><strong>La discussion\u00a0:<\/strong><\/p>\n<ul>\n<li>L\u2019origine de l\u2019\u00e9tude et l\u2019int\u00e9r\u00eat pour la Pr\u00e9histoire, pour lesquelles certaines fictions m\u00e9ritent d\u2019\u00eatre relues (1:00)<\/li>\n<li>Des fictions principalement centr\u00e9es sur la fin du pal\u00e9olithique, sauf exception comme Roy Lewis (10:15)<\/li>\n<li>L\u2019attrait \u00ab\u00a0primitiviste\u00a0\u00bb pour la Pr\u00e9histoire qui na\u00eet \u00e0 une \u00e9poque d\u2019industrialisation galopante au XIXe si\u00e8cle (18:00)<\/li>\n<li>Une pr\u00e9histoire de fiction d\u2019abord empreinte de nationalisme et de colonialisme, o\u00f9 les violences contre les femmes abondent (24:10)<\/li>\n<li>Le choc artistique et litt\u00e9raire de Lascaux et des grottes orn\u00e9es au milieu du XXe si\u00e8cle (38:00)<\/li>\n<li>Les diversifications contemporaines (48:00)<\/li>\n<\/ul>\n<p><strong>Le conseil de lecture\u00a0:<\/strong><\/p>\n<ul>\n<li>Jean Casteret, <em>Muta fille des cavernes<\/em><\/li>\n<\/ul>\n<p><a href=\"http:\/\/parolesdhistoire.fr\/wp-content\/uploads\/2025\/12\/Capture-decran-2025-12-08-000232.jpg\"><img loading=\"lazy\" decoding=\"async\" class=\"aligncenter size-full wp-image-3264\" src=\"http:\/\/parolesdhistoire.fr\/wp-content\/uploads\/2025\/12\/Capture-decran-2025-12-08-000232.jpg\" alt=\"\" width=\"723\" height=\"648\" srcset=\"https:\/\/parolesdhistoire.fr\/wp-content\/uploads\/2025\/12\/Capture-decran-2025-12-08-000232.jpg 723w, https:\/\/parolesdhistoire.fr\/wp-content\/uploads\/2025\/12\/Capture-decran-2025-12-08-000232-300x269.jpg 300w\" sizes=\"auto, (max-width: 709px) 85vw, (max-width: 909px) 67vw, (max-width: 984px) 61vw, (max-width: 1362px) 45vw, 600px\" \/><\/a><\/p>\n","protected":false},"excerpt":{"rendered":"<p>\ufeff L\u2019invit\u00e9\u00a0: Pierre Schoentjes, professeur \u00e0 l\u2019Universit\u00e9 de Gand, sp\u00e9cialiste de litt\u00e9rature fran\u00e7aise Le livre\u00a0: Inventer des grottes. Pr\u00e9-histoires romanesques, Marseille, Le mot et le reste, 2025. La discussion\u00a0: L\u2019origine de l\u2019\u00e9tude et l\u2019int\u00e9r\u00eat pour la Pr\u00e9histoire, pour lesquelles certaines fictions m\u00e9ritent d\u2019\u00eatre relues (1:00) Des fictions principalement centr\u00e9es sur la fin du pal\u00e9olithique, sauf &hellip; <a href=\"https:\/\/parolesdhistoire.fr\/index.php\/2025\/12\/08\/412-ecrire-la-prehistoire-avec-pierre-schoentjes\/\" class=\"more-link\">Continue reading<span class=\"screen-reader-text\"> &#8220;412. \u00c9crire la Pr\u00e9histoire, avec Pierre Schoentjes&#8221;<\/span><\/a><\/p>\n","protected":false},"author":1,"featured_media":0,"comment_status":"open","ping_status":"open","sticky":false,"template":"","format":"standard","meta":{"footnotes":""},"categories":[4],"tags":[77,69],"class_list":["post-3260","post","type-post","status-publish","format-standard","hentry","category-parution","tag-litterature","tag-prehistoire"],"_links":{"self":[{"href":"https:\/\/parolesdhistoire.fr\/index.php\/wp-json\/wp\/v2\/posts\/3260","targetHints":{"allow":["GET"]}}],"collection":[{"href":"https:\/\/parolesdhistoire.fr\/index.php\/wp-json\/wp\/v2\/posts"}],"about":[{"href":"https:\/\/parolesdhistoire.fr\/index.php\/wp-json\/wp\/v2\/types\/post"}],"author":[{"embeddable":true,"href":"https:\/\/parolesdhistoire.fr\/index.php\/wp-json\/wp\/v2\/users\/1"}],"replies":[{"embeddable":true,"href":"https:\/\/parolesdhistoire.fr\/index.php\/wp-json\/wp\/v2\/comments?post=3260"}],"version-history":[{"count":3,"href":"https:\/\/parolesdhistoire.fr\/index.php\/wp-json\/wp\/v2\/posts\/3260\/revisions"}],"predecessor-version":[{"id":3265,"href":"https:\/\/parolesdhistoire.fr\/index.php\/wp-json\/wp\/v2\/posts\/3260\/revisions\/3265"}],"wp:attachment":[{"href":"https:\/\/parolesdhistoire.fr\/index.php\/wp-json\/wp\/v2\/media?parent=3260"}],"wp:term":[{"taxonomy":"category","embeddable":true,"href":"https:\/\/parolesdhistoire.fr\/index.php\/wp-json\/wp\/v2\/categories?post=3260"},{"taxonomy":"post_tag","embeddable":true,"href":"https:\/\/parolesdhistoire.fr\/index.php\/wp-json\/wp\/v2\/tags?post=3260"}],"curies":[{"name":"wp","href":"https:\/\/api.w.org\/{rel}","templated":true}]}}