{"id":3293,"date":"2026-01-19T07:00:32","date_gmt":"2026-01-19T06:00:32","guid":{"rendered":"https:\/\/parolesdhistoire.fr\/?p=3293"},"modified":"2026-01-18T14:31:01","modified_gmt":"2026-01-18T13:31:01","slug":"416-la-fabrique-des-annales-n5-domestication-animale-et-histoire-grecque","status":"publish","type":"post","link":"https:\/\/parolesdhistoire.fr\/index.php\/2026\/01\/19\/416-la-fabrique-des-annales-n5-domestication-animale-et-histoire-grecque\/","title":{"rendered":"416. La Fabrique des Annales n\u00b05 : domestication animale et histoire grecque"},"content":{"rendered":"<p><iframe loading=\"lazy\" style=\"margin: auto; min-width: 320px; border: 0;\" src=\"https:\/\/player.audiomeans.fr\/player-v2\/paroles-d-histoire-0619098d0e45\/episodes\/3a5be87c-27e0-4ad0-8df8-36e159545a86?mp=0&amp;leadin=0&amp;embed=0&amp;download=1&amp;std=0&amp;vert=0&amp;playlist=0&amp;color=7d7d7d&amp;theme=dark\" width=\"80%\" height=\"150px\"><span style=\"display: inline-block; width: 0px; overflow: hidden; line-height: 0;\" data-mce-type=\"bookmark\" class=\"mce_SELRES_start\">\ufeff<\/span><br \/>\n<\/iframe><\/p>\n<p>Un podcast trimestriel pr\u00e9sentant les nouveaux num\u00e9ros de la revue <em>Annales. Histoire, Sciences sociales<\/em>. Cinqui\u00e8me \u00e9pisode consacr\u00e9 au n\u00b080\/1-2 (2025), diffusion le 19 janvier 2026. Production et animation : Andr\u00e9 Loez (podcast Paroles d\u2019histoire), Cl\u00e9mence Peyran (\u00e9ditrice de la revue).<\/p>\n<p><a href=\"http:\/\/parolesdhistoire.fr\/wp-content\/uploads\/2026\/01\/miniature-YouTube.jpg\"><img loading=\"lazy\" decoding=\"async\" class=\"aligncenter size-large wp-image-3294\" src=\"http:\/\/parolesdhistoire.fr\/wp-content\/uploads\/2026\/01\/miniature-YouTube-1024x576.jpg\" alt=\"\" width=\"840\" height=\"473\" srcset=\"https:\/\/parolesdhistoire.fr\/wp-content\/uploads\/2026\/01\/miniature-YouTube-1024x576.jpg 1024w, https:\/\/parolesdhistoire.fr\/wp-content\/uploads\/2026\/01\/miniature-YouTube-300x169.jpg 300w, https:\/\/parolesdhistoire.fr\/wp-content\/uploads\/2026\/01\/miniature-YouTube-768x432.jpg 768w, https:\/\/parolesdhistoire.fr\/wp-content\/uploads\/2026\/01\/miniature-YouTube-1200x675.jpg 1200w, https:\/\/parolesdhistoire.fr\/wp-content\/uploads\/2026\/01\/miniature-YouTube.jpg 1280w\" sizes=\"auto, (max-width: 709px) 85vw, (max-width: 909px) 67vw, (max-width: 1362px) 62vw, 840px\" \/><\/a><strong>Sommaire<\/strong><\/p>\n<p>Introduction et table des mati\u00e8res du num\u00e9ro 80\/1-2 (00:00)<\/p>\n<p>Grand format (1:25) : entretien avec Benedetta Piazzesi (EHESS) pour son <a href=\"https:\/\/www.cambridge.org\/core\/journals\/annales-histoire-sciences-sociales\/article\/abs\/pour-une-histoire-du-concept-de-domestication-france-18301860\/B9ABBACB084FE1F2702345B1F3081BDA\">article<\/a> sur le concept de domestication (<a href=\"https:\/\/shs.cairn.info\/revue-annales-histoire-sciences-sociales-2025-1-page-89?lang=fr\">lien sur Cairn<\/a>)<\/p>\n<p>Coulisses (33:50) : diriger la revue entre 2018 et 2024 avec Vincent Azoulay (article cit\u00e9\u00a0: Mirko Canevaro, <a href=\"https:\/\/shs.cairn.info\/revue-annales-2019-2-page-337?lang=fr&amp;tab=resume\">\u00ab\u00a0La d\u00e9lib\u00e9ration d\u00e9mocratique \u00e0 l\u2019Assembl\u00e9e ath\u00e9nienne\u00a0\u00bb<\/a>)<\/p>\n<p>Archives (52:05) : Jean-Pierre Vernant, <a href=\"https:\/\/www.persee.fr\/doc\/ahess_0395-2649_1965_num_20_3_421305\">\u00ab\u00a0Espace et organisation politique en Gr\u00e8ce ancienne. Pierre L\u00e9v\u00eaque et Pierre Vidal-Naquet, Clisth\u00e8ne l&#8217;Ath\u00e9nien\u00a0\u00bb<\/a>, <em>Annales<\/em>, 1965, 20-3 p. 576-595.<\/p>\n<p><strong>Contacts et cr\u00e9dits<\/strong><\/p>\n<p>annales@ehess.fr<\/p>\n<p>parolesdhistoire@gmail.com<\/p>\n<p>Cr\u00e9ation graphique : Ann-Koulmig Renault.<\/p>\n<p>Musique : Latin Fashion Trap by Infraction.<\/p>\n","protected":false},"excerpt":{"rendered":"<p>\ufeff Un podcast trimestriel pr\u00e9sentant les nouveaux num\u00e9ros de la revue Annales. Histoire, Sciences sociales. Cinqui\u00e8me \u00e9pisode consacr\u00e9 au n\u00b080\/1-2 (2025), diffusion le 19 janvier 2026. Production et animation : Andr\u00e9 Loez (podcast Paroles d\u2019histoire), Cl\u00e9mence Peyran (\u00e9ditrice de la revue). Sommaire Introduction et table des mati\u00e8res du num\u00e9ro 80\/1-2 (00:00) Grand format (1:25) : &hellip; <a href=\"https:\/\/parolesdhistoire.fr\/index.php\/2026\/01\/19\/416-la-fabrique-des-annales-n5-domestication-animale-et-histoire-grecque\/\" class=\"more-link\">Continue reading<span class=\"screen-reader-text\"> &#8220;416. La Fabrique des Annales n\u00b05 : domestication animale et histoire grecque&#8221;<\/span><\/a><\/p>\n","protected":false},"author":1,"featured_media":0,"comment_status":"open","ping_status":"open","sticky":false,"template":"","format":"standard","meta":{"footnotes":""},"categories":[1],"tags":[],"class_list":["post-3293","post","type-post","status-publish","format-standard","hentry","category-non-classe"],"_links":{"self":[{"href":"https:\/\/parolesdhistoire.fr\/index.php\/wp-json\/wp\/v2\/posts\/3293","targetHints":{"allow":["GET"]}}],"collection":[{"href":"https:\/\/parolesdhistoire.fr\/index.php\/wp-json\/wp\/v2\/posts"}],"about":[{"href":"https:\/\/parolesdhistoire.fr\/index.php\/wp-json\/wp\/v2\/types\/post"}],"author":[{"embeddable":true,"href":"https:\/\/parolesdhistoire.fr\/index.php\/wp-json\/wp\/v2\/users\/1"}],"replies":[{"embeddable":true,"href":"https:\/\/parolesdhistoire.fr\/index.php\/wp-json\/wp\/v2\/comments?post=3293"}],"version-history":[{"count":3,"href":"https:\/\/parolesdhistoire.fr\/index.php\/wp-json\/wp\/v2\/posts\/3293\/revisions"}],"predecessor-version":[{"id":3297,"href":"https:\/\/parolesdhistoire.fr\/index.php\/wp-json\/wp\/v2\/posts\/3293\/revisions\/3297"}],"wp:attachment":[{"href":"https:\/\/parolesdhistoire.fr\/index.php\/wp-json\/wp\/v2\/media?parent=3293"}],"wp:term":[{"taxonomy":"category","embeddable":true,"href":"https:\/\/parolesdhistoire.fr\/index.php\/wp-json\/wp\/v2\/categories?post=3293"},{"taxonomy":"post_tag","embeddable":true,"href":"https:\/\/parolesdhistoire.fr\/index.php\/wp-json\/wp\/v2\/tags?post=3293"}],"curies":[{"name":"wp","href":"https:\/\/api.w.org\/{rel}","templated":true}]}}