{"id":3336,"date":"2026-03-16T13:17:15","date_gmt":"2026-03-16T12:17:15","guid":{"rendered":"https:\/\/parolesdhistoire.fr\/?p=3336"},"modified":"2026-03-16T13:35:40","modified_gmt":"2026-03-16T12:35:40","slug":"422-la-modernite-politique-en-iran-avec-stephanie-roza-et-amirpasha-tavakkoli","status":"publish","type":"post","link":"https:\/\/parolesdhistoire.fr\/index.php\/2026\/03\/16\/422-la-modernite-politique-en-iran-avec-stephanie-roza-et-amirpasha-tavakkoli\/","title":{"rendered":"422. La modernit\u00e9 politique en Iran, avec St\u00e9phanie Roza et Amirpasha Tavakkoli"},"content":{"rendered":"<p><iframe loading=\"lazy\"\n    style=\"margin: auto; min-width: 320px; border: 0;\"\n    src=\"https:\/\/player.audiomeans.fr\/player-v2\/paroles-d-histoire-0619098d0e45\/episodes\/c605297c-78c5-49fc-905e-83a561d9121a?mp=0&#038;leadin=0&#038;embed=0&#038;download=1&#038;std=0&#038;vert=0&#038;playlist=0&#038;color=7d7d7d&#038;theme=dark\"\n    width=\"80%\"\n    height=\"150px\"\n    allow=\"clipboard-write; autoplay\"><br \/>\n<\/iframe><br \/>\n<strong>Le livre\u00a0:<\/strong> <em>Lumi\u00e8res et contre-Lumi\u00e8res en Iran. Un si\u00e8cle de luttes politiques<\/em>, Paris, PUF, \u00ab\u00a0Questions r\u00e9publicaines\u00a0\u00bb, 2026.<\/p>\n<p><a href=\"http:\/\/parolesdhistoire.fr\/wp-content\/uploads\/2026\/03\/9782130880073_1_75.jpg\"><img loading=\"lazy\" decoding=\"async\" class=\"aligncenter size-full wp-image-3337\" src=\"http:\/\/parolesdhistoire.fr\/wp-content\/uploads\/2026\/03\/9782130880073_1_75.jpg\" alt=\"\" width=\"600\" height=\"958\" srcset=\"https:\/\/parolesdhistoire.fr\/wp-content\/uploads\/2026\/03\/9782130880073_1_75.jpg 600w, https:\/\/parolesdhistoire.fr\/wp-content\/uploads\/2026\/03\/9782130880073_1_75-188x300.jpg 188w\" sizes=\"auto, (max-width: 709px) 85vw, (max-width: 909px) 67vw, (max-width: 984px) 61vw, (max-width: 1362px) 45vw, 600px\" \/><\/a><\/p>\n<p><strong>Les invit\u00e9e-s\u00a0:<\/strong><\/p>\n<ul>\n<li>St\u00e9phanie Roza, charg\u00e9e de recherche au CNRS<\/li>\n<li>Amirpasha Tavakkoli, enseignant \u00e0 Sciences-Po Reims<\/li>\n<\/ul>\n<p><strong>La discussion\u00a0:<\/strong><\/p>\n<ul>\n<li>La projet du livre\u00a0: relire l\u2019histoire iranienne au prisme universaliste (1:00)<\/li>\n<li>Les Lumi\u00e8res iraniennes et la naissance du conflit entre modernisateurs et religieux (10:30)<\/li>\n<li>Le renversement de Mossadegh, moment clef (20:30)<\/li>\n<li>L\u2019enjeu du statut des femmes dans les affrontements politiques (34:50)<\/li>\n<li>La R\u00e9volution de 1978-1979, et l\u2019aveuglement sur Khomeiny d\u2019un Michel Foucault notamment (37:30)<\/li>\n<\/ul>\n<p><strong>Les conseils de lecture\u00a0:<\/strong><\/p>\n<ul>\n<li>Samuel Fitoussi, <em>Pourquoi les intellectuels se trompent<\/em><\/li>\n<li>Eric Hobsbawm, <em>Marx et l\u2019histoire<\/em><\/li>\n<\/ul>\n<p>&nbsp;<\/p>\n","protected":false},"excerpt":{"rendered":"<p>Le livre\u00a0: Lumi\u00e8res et contre-Lumi\u00e8res en Iran. Un si\u00e8cle de luttes politiques, Paris, PUF, \u00ab\u00a0Questions r\u00e9publicaines\u00a0\u00bb, 2026. Les invit\u00e9e-s\u00a0: St\u00e9phanie Roza, charg\u00e9e de recherche au CNRS Amirpasha Tavakkoli, enseignant \u00e0 Sciences-Po Reims La discussion\u00a0: La projet du livre\u00a0: relire l\u2019histoire iranienne au prisme universaliste (1:00) Les Lumi\u00e8res iraniennes et la naissance du conflit entre modernisateurs &hellip; <a href=\"https:\/\/parolesdhistoire.fr\/index.php\/2026\/03\/16\/422-la-modernite-politique-en-iran-avec-stephanie-roza-et-amirpasha-tavakkoli\/\" class=\"more-link\">Continue reading<span class=\"screen-reader-text\"> &#8220;422. La modernit\u00e9 politique en Iran, avec St\u00e9phanie Roza et Amirpasha Tavakkoli&#8221;<\/span><\/a><\/p>\n","protected":false},"author":1,"featured_media":0,"comment_status":"open","ping_status":"open","sticky":false,"template":"","format":"standard","meta":{"footnotes":""},"categories":[4],"tags":[293,136,294,185],"class_list":["post-3336","post","type-post","status-publish","format-standard","hentry","category-parution","tag-iran","tag-islam","tag-islamisme","tag-lumieres"],"_links":{"self":[{"href":"https:\/\/parolesdhistoire.fr\/index.php\/wp-json\/wp\/v2\/posts\/3336","targetHints":{"allow":["GET"]}}],"collection":[{"href":"https:\/\/parolesdhistoire.fr\/index.php\/wp-json\/wp\/v2\/posts"}],"about":[{"href":"https:\/\/parolesdhistoire.fr\/index.php\/wp-json\/wp\/v2\/types\/post"}],"author":[{"embeddable":true,"href":"https:\/\/parolesdhistoire.fr\/index.php\/wp-json\/wp\/v2\/users\/1"}],"replies":[{"embeddable":true,"href":"https:\/\/parolesdhistoire.fr\/index.php\/wp-json\/wp\/v2\/comments?post=3336"}],"version-history":[{"count":3,"href":"https:\/\/parolesdhistoire.fr\/index.php\/wp-json\/wp\/v2\/posts\/3336\/revisions"}],"predecessor-version":[{"id":3340,"href":"https:\/\/parolesdhistoire.fr\/index.php\/wp-json\/wp\/v2\/posts\/3336\/revisions\/3340"}],"wp:attachment":[{"href":"https:\/\/parolesdhistoire.fr\/index.php\/wp-json\/wp\/v2\/media?parent=3336"}],"wp:term":[{"taxonomy":"category","embeddable":true,"href":"https:\/\/parolesdhistoire.fr\/index.php\/wp-json\/wp\/v2\/categories?post=3336"},{"taxonomy":"post_tag","embeddable":true,"href":"https:\/\/parolesdhistoire.fr\/index.php\/wp-json\/wp\/v2\/tags?post=3336"}],"curies":[{"name":"wp","href":"https:\/\/api.w.org\/{rel}","templated":true}]}}