{"id":3380,"date":"2026-04-27T08:00:16","date_gmt":"2026-04-27T06:00:16","guid":{"rendered":"https:\/\/parolesdhistoire.fr\/?p=3380"},"modified":"2026-04-27T10:23:35","modified_gmt":"2026-04-27T08:23:35","slug":"428-les-mots-de-la-revolte-medievale-avec-gaetan-bonnot","status":"publish","type":"post","link":"https:\/\/parolesdhistoire.fr\/index.php\/2026\/04\/27\/428-les-mots-de-la-revolte-medievale-avec-gaetan-bonnot\/","title":{"rendered":"428. Les mots de la r\u00e9volte m\u00e9di\u00e9vale, avec Ga\u00e9tan Bonnot"},"content":{"rendered":"<p><iframe loading=\"lazy\"\n    style=\"margin: auto; min-width: 320px; border: 0;\"\n    src=\"https:\/\/player.audiomeans.fr\/player-v2\/paroles-d-histoire-0619098d0e45\/episodes\/2381a77f-b812-4428-bfc7-63ed30b10eaf?mp=0&#038;leadin=0&#038;embed=0&#038;download=1&#038;std=0&#038;vert=0&#038;playlist=0&#038;color=7d7d7d&#038;theme=dark\"\n    width=\"80%\"\n    height=\"150px\"\n    allow=\"clipboard-write; autoplay\"><br \/>\n<\/iframe><br \/>\n<strong>L\u2019invit\u00e9\u00a0:<\/strong> Ga\u00e9tan Bonnot, PRAG \u00e0 Paris-I<\/p>\n<p><a href=\"http:\/\/parolesdhistoire.fr\/wp-content\/uploads\/2026\/04\/La-Jacquerie.jpg\"><img loading=\"lazy\" decoding=\"async\" class=\"aligncenter wp-image-3382\" src=\"http:\/\/parolesdhistoire.fr\/wp-content\/uploads\/2026\/04\/La-Jacquerie-208x300.jpg\" alt=\"\" width=\"279\" height=\"402\" srcset=\"https:\/\/parolesdhistoire.fr\/wp-content\/uploads\/2026\/04\/La-Jacquerie-208x300.jpg 208w, https:\/\/parolesdhistoire.fr\/wp-content\/uploads\/2026\/04\/La-Jacquerie.jpg 400w\" sizes=\"auto, (max-width: 279px) 85vw, 279px\" \/><\/a><strong>Le livre\u00a0:<\/strong> <em>La Jacquerie. Devenirs des effrois de 1358 \u00e0 nos jours<\/em>, Paris, PUF, 2026.<\/p>\n<p><strong>La discussion\u00a0:<\/strong><\/p>\n<ul>\n<li>Un contexte troubl\u00e9 au milieu du XIVe si\u00e8cle (1:00)<\/li>\n<li>Qu\u2019est-ce que la Jacquerie\u00a0? (11:30)<\/li>\n<li>R\u00e9pression physique, remise en ordre textuelle (20:30)<\/li>\n<li>Quel degr\u00e9 de violence r\u00e9v\u00e9l\u00e9 par l\u2019\u00e9v\u00e9nement\u00a0? (30:30)<\/li>\n<li>Les bribes de paroles des \u00ab\u00a0Jacques\u00a0\u00bb (39:40)<\/li>\n<li>M\u00e9moires et retours de la Jacquerie (42:30)<\/li>\n<\/ul>\n<p><strong>Le conseil de lecture\u00a0: <\/strong><em>Les monstres des hommes<\/em><\/p>\n<p>Illustration\u00a0: BNF fr. 2643, fol. 226v (d\u00e9tail).<\/p>\n","protected":false},"excerpt":{"rendered":"<p>L\u2019invit\u00e9\u00a0: Ga\u00e9tan Bonnot, PRAG \u00e0 Paris-I Le livre\u00a0: La Jacquerie. Devenirs des effrois de 1358 \u00e0 nos jours, Paris, PUF, 2026. La discussion\u00a0: Un contexte troubl\u00e9 au milieu du XIVe si\u00e8cle (1:00) Qu\u2019est-ce que la Jacquerie\u00a0? (11:30) R\u00e9pression physique, remise en ordre textuelle (20:30) Quel degr\u00e9 de violence r\u00e9v\u00e9l\u00e9 par l\u2019\u00e9v\u00e9nement\u00a0? (30:30) Les bribes de &hellip; <a href=\"https:\/\/parolesdhistoire.fr\/index.php\/2026\/04\/27\/428-les-mots-de-la-revolte-medievale-avec-gaetan-bonnot\/\" class=\"more-link\">Continue reading<span class=\"screen-reader-text\"> &#8220;428. Les mots de la r\u00e9volte m\u00e9di\u00e9vale, avec Ga\u00e9tan Bonnot&#8221;<\/span><\/a><\/p>\n","protected":false},"author":1,"featured_media":0,"comment_status":"open","ping_status":"open","sticky":false,"template":"","format":"standard","meta":{"footnotes":""},"categories":[1],"tags":[54,283,245],"class_list":["post-3380","post","type-post","status-publish","format-standard","hentry","category-non-classe","tag-histoire-medievale","tag-lexicometrie","tag-revoltes"],"_links":{"self":[{"href":"https:\/\/parolesdhistoire.fr\/index.php\/wp-json\/wp\/v2\/posts\/3380","targetHints":{"allow":["GET"]}}],"collection":[{"href":"https:\/\/parolesdhistoire.fr\/index.php\/wp-json\/wp\/v2\/posts"}],"about":[{"href":"https:\/\/parolesdhistoire.fr\/index.php\/wp-json\/wp\/v2\/types\/post"}],"author":[{"embeddable":true,"href":"https:\/\/parolesdhistoire.fr\/index.php\/wp-json\/wp\/v2\/users\/1"}],"replies":[{"embeddable":true,"href":"https:\/\/parolesdhistoire.fr\/index.php\/wp-json\/wp\/v2\/comments?post=3380"}],"version-history":[{"count":4,"href":"https:\/\/parolesdhistoire.fr\/index.php\/wp-json\/wp\/v2\/posts\/3380\/revisions"}],"predecessor-version":[{"id":3385,"href":"https:\/\/parolesdhistoire.fr\/index.php\/wp-json\/wp\/v2\/posts\/3380\/revisions\/3385"}],"wp:attachment":[{"href":"https:\/\/parolesdhistoire.fr\/index.php\/wp-json\/wp\/v2\/media?parent=3380"}],"wp:term":[{"taxonomy":"category","embeddable":true,"href":"https:\/\/parolesdhistoire.fr\/index.php\/wp-json\/wp\/v2\/categories?post=3380"},{"taxonomy":"post_tag","embeddable":true,"href":"https:\/\/parolesdhistoire.fr\/index.php\/wp-json\/wp\/v2\/tags?post=3380"}],"curies":[{"name":"wp","href":"https:\/\/api.w.org\/{rel}","templated":true}]}}