{"id":34,"date":"2018-04-13T19:28:07","date_gmt":"2018-04-13T17:28:07","guid":{"rendered":"http:\/\/parolesdhistoire.fr\/?p=34"},"modified":"2025-04-14T11:07:29","modified_gmt":"2025-04-14T09:07:29","slug":"autour-de-mai-68-avec-ludivine-bantigny-ep-1","status":"publish","type":"post","link":"https:\/\/parolesdhistoire.fr\/index.php\/2018\/04\/13\/autour-de-mai-68-avec-ludivine-bantigny-ep-1\/","title":{"rendered":"1. Autour de mai 68, avec Ludivine Bantigny"},"content":{"rendered":"<p><iframe loading=\"lazy\" \n    style=\"margin: auto; min-width: 320px; border: 0;\" \n    src=\"https:\/\/player.audiomeans.fr\/player-v2\/paroles-d-histoire-0619098d0e45\/episodes\/7d337581-32bb-46e6-9bbd-61bf958abe0a?mp=0&#038;leadin=0&#038;download=0&#038;std=0&#038;vert=0&#038;playlist=0&#038;color=7d7d7d&#038;theme=dark\" \n    width=\"80%\"\n    height=\"150px\"\n    allow=\"autoplay\"><br \/>\n<\/iframe><\/p>\n<p><strong>L&#8217;invit\u00e9e :<\/strong> Ludivine Bantigny, ma\u00eetresse de conf\u00e9rences \u00e0 l\u2019universit\u00e9 de Rouen-Normandie<\/p>\n<p><strong>Le livre : <\/strong><a href=\"http:\/\/www.seuil.com\/ouvrage\/1968-de-grands-soirs-en-petits-matins-ludivine-bantigny\/9782021301571\"><em>1968, De grands soirs en petits matins<\/em><\/a> (Seuil, 2018).\u00a0 <a href=\"http:\/\/abonnes.lemonde.fr\/livres\/article\/2018\/03\/08\/mai-68-la-petite-bibliotheque_5267385_3260.html\">Lire la recension<\/a>.<\/p>\n<p><img loading=\"lazy\" decoding=\"async\" class=\"aligncenter size-medium wp-image-35\" src=\"http:\/\/parolesdhistoire.fr\/wp-content\/uploads\/2018\/04\/130157_couverture_Hres_0-191x300.jpg\" alt=\"\" width=\"191\" height=\"300\" srcset=\"https:\/\/parolesdhistoire.fr\/wp-content\/uploads\/2018\/04\/130157_couverture_Hres_0-191x300.jpg 191w, https:\/\/parolesdhistoire.fr\/wp-content\/uploads\/2018\/04\/130157_couverture_Hres_0.jpg 382w\" sizes=\"auto, (max-width: 191px) 85vw, 191px\" \/><strong>La discussion :<\/strong> les bornes chronologiques de l\u2019\u00e9v\u00e9nement \u00ab\u00a068\u00a0\u00bb (\u00e0 3 minutes d\u2019entretien environ), la violence des manifestations et de la r\u00e9pression menant aux \u00ab\u00a0morts oubli\u00e9s\u00a0\u00bb de juin 1968 (6 min.),l\u2019importance pour l\u2019historienne de restituer la dimension mat\u00e9rielle et concr\u00e8te de l\u2019\u00e9v\u00e9nement (10 min), le rapport au pass\u00e9 (le Front Populaire, la Commune\u2026) en mai-juin 1968 (15 min.), l\u2019internationalisme pens\u00e9 et v\u00e9cu par les acteurs du mouvement (18 min.), le rapport aux sources et le travail en archives sur les fiches \u00e9tablies par la police (22 min.), la m\u00e9moire sp\u00e9cifique de la guerre d\u2019Alg\u00e9rie et la pr\u00e9sence (ou non) de \u00ab\u00a0Charonne\u00a0\u00bb et du 17 octobre 1961 dans les esprits en 1968 (25 min.), les rapports hommes-femmes, la difficile prise de parole f\u00e9minine, et la question de la sexualit\u00e9 (27 min.), une histoire contrefactuelle de mai-juin 1968\u00a0: comment les choses auraient-elles pu tourner autrement, basculer\u00a0? Quel r\u00f4le pour la CGT en particulier\u00a0? (32 min.), quels acquis sociaux, alors que l\u2019inflation rend \u00e9ph\u00e9m\u00e8res les gains salariaux, et qu\u2019\u00e0 l\u2019\u00e9chelle locale les rapports de force sont souvent d\u00e9favorables aux gr\u00e9vistes apr\u00e8s \u00ab\u00a0mai\u00a0\u00bb\u00a0? (38 min.), que font les historiennes et les historiens en mai 68\u00a0? (40 min.).<\/p>\n<p><strong>Le conseil de lecture final :<\/strong> <a href=\"https:\/\/journals.openedition.org\/lectures\/16336\">Julie Pagis, <em>Un pav\u00e9 dans leur histoire<\/em>, Paris, Presses de Sciences Po, coll. \u00ab\u00a0Soci\u00e9t\u00e9s en mouvement\u00a0\u00bb, 2014<\/a>.<\/p>\n<p>&nbsp;<\/p>\n<p>&nbsp;<\/p>\n","protected":false},"excerpt":{"rendered":"<p>L&#8217;invit\u00e9e : Ludivine Bantigny, ma\u00eetresse de conf\u00e9rences \u00e0 l\u2019universit\u00e9 de Rouen-Normandie Le livre : 1968, De grands soirs en petits matins (Seuil, 2018).\u00a0 Lire la recension. La discussion : les bornes chronologiques de l\u2019\u00e9v\u00e9nement \u00ab\u00a068\u00a0\u00bb (\u00e0 3 minutes d\u2019entretien environ), la violence des manifestations et de la r\u00e9pression menant aux \u00ab\u00a0morts oubli\u00e9s\u00a0\u00bb de juin 1968 &hellip; <a href=\"https:\/\/parolesdhistoire.fr\/index.php\/2018\/04\/13\/autour-de-mai-68-avec-ludivine-bantigny-ep-1\/\" class=\"more-link\">Continue reading<span class=\"screen-reader-text\"> &#8220;1. Autour de mai 68, avec Ludivine Bantigny&#8221;<\/span><\/a><\/p>\n","protected":false},"author":1,"featured_media":0,"comment_status":"open","ping_status":"open","sticky":false,"template":"","format":"standard","meta":{"footnotes":""},"categories":[4],"tags":[5,9,10,8,7,6,42],"class_list":["post-34","post","type-post","status-publish","format-standard","hentry","category-parution","tag-contempo","tag-histoire-contrefactuelle","tag-rapports-de-genre","tag-histoire-culturelle","tag-histoire-sociale","tag-mai-68","tag-violence"],"_links":{"self":[{"href":"https:\/\/parolesdhistoire.fr\/index.php\/wp-json\/wp\/v2\/posts\/34","targetHints":{"allow":["GET"]}}],"collection":[{"href":"https:\/\/parolesdhistoire.fr\/index.php\/wp-json\/wp\/v2\/posts"}],"about":[{"href":"https:\/\/parolesdhistoire.fr\/index.php\/wp-json\/wp\/v2\/types\/post"}],"author":[{"embeddable":true,"href":"https:\/\/parolesdhistoire.fr\/index.php\/wp-json\/wp\/v2\/users\/1"}],"replies":[{"embeddable":true,"href":"https:\/\/parolesdhistoire.fr\/index.php\/wp-json\/wp\/v2\/comments?post=34"}],"version-history":[{"count":5,"href":"https:\/\/parolesdhistoire.fr\/index.php\/wp-json\/wp\/v2\/posts\/34\/revisions"}],"predecessor-version":[{"id":2967,"href":"https:\/\/parolesdhistoire.fr\/index.php\/wp-json\/wp\/v2\/posts\/34\/revisions\/2967"}],"wp:attachment":[{"href":"https:\/\/parolesdhistoire.fr\/index.php\/wp-json\/wp\/v2\/media?parent=34"}],"wp:term":[{"taxonomy":"category","embeddable":true,"href":"https:\/\/parolesdhistoire.fr\/index.php\/wp-json\/wp\/v2\/categories?post=34"},{"taxonomy":"post_tag","embeddable":true,"href":"https:\/\/parolesdhistoire.fr\/index.php\/wp-json\/wp\/v2\/tags?post=34"}],"curies":[{"name":"wp","href":"https:\/\/api.w.org\/{rel}","templated":true}]}}