{"id":346,"date":"2018-12-12T04:46:20","date_gmt":"2018-12-12T03:46:20","guid":{"rendered":"http:\/\/parolesdhistoire.fr\/?p=346"},"modified":"2018-12-10T15:56:14","modified_gmt":"2018-12-10T14:56:14","slug":"33-imprimerie-et-imprimeurs-a-venise-a-la-fin-du-moyen-age-avec-catherine-kikuchi","status":"publish","type":"post","link":"https:\/\/parolesdhistoire.fr\/index.php\/2018\/12\/12\/33-imprimerie-et-imprimeurs-a-venise-a-la-fin-du-moyen-age-avec-catherine-kikuchi\/","title":{"rendered":"33. Naissance de l&#8217;imprimerie \u00e0 Venise, avec Catherine Kikuchi"},"content":{"rendered":"<iframe loading=\"lazy\" src=\"https:\/\/player.blubrry.com\/?media_url=https%3A%2F%2Fmedia.blubrry.com%2Fparolesdhistoire%2Fcontent.blubrry.com%2Fparolesdhistoire%2Fkikuchi_venise.mp3&amp;modern=1&amp;podcast_link=https%3A%2F%2Fparolesdhistoire.fr%2Findex.php%2F2018%2F12%2F12%2F33-imprimerie-et-imprimeurs-a-venise-a-la-fin-du-moyen-age-avec-catherine-kikuchi%2F#mode-Light&border-000000&progress-000000\" scrolling=\"no\" width=\"100%\" height=\"165\" frameborder=\"0\" id=\"blubrryplayer-1\" class=\"blubrryplayer\" title=\"Blubrry Podcast Player\"><\/iframe><p class=\"powerpress_links powerpress_links_mp3\" style=\"margin-bottom: 1px !important;\">Podcast: <a href=\"https:\/\/media.blubrry.com\/parolesdhistoire\/content.blubrry.com\/parolesdhistoire\/kikuchi_venise.mp3\" class=\"powerpress_link_pinw\" target=\"_blank\" title=\"Play in new window\" onclick=\"return powerpress_pinw('https:\/\/parolesdhistoire.fr\/?powerpress_pinw=346-podcast');\" rel=\"nofollow\">Play in new window<\/a> | <a href=\"https:\/\/media.blubrry.com\/parolesdhistoire\/content.blubrry.com\/parolesdhistoire\/kikuchi_venise.mp3\" class=\"powerpress_link_d\" title=\"Download\" rel=\"nofollow\" download=\"kikuchi_venise.mp3\">Download<\/a><\/p><p class=\"powerpress_links powerpress_subscribe_links\">S'abonner :  <a href=\"https:\/\/itunes.apple.com\/fr\/podcast\/paroles-dhistoire\/id1376002842?l=en&amp;mt=2&amp;ls=1#episodeGuid=http%3A%2F%2Fparolesdhistoire.fr%2F%3Fp%3D346\" class=\"powerpress_link_subscribe powerpress_link_subscribe_itunes\" target=\"_blank\" title=\"Subscribe on Apple Podcasts\" rel=\"nofollow\">Apple Podcasts<\/a> | <a href=\"https:\/\/open.spotify.com\/show\/57zBA3htpYUB4MJNhhlDnn\" class=\"powerpress_link_subscribe powerpress_link_subscribe_spotify\" target=\"_blank\" title=\"Subscribe on Spotify\" rel=\"nofollow\">Spotify<\/a> | <a href=\"https:\/\/subscribeonandroid.com\/feeds.audiomeans.fr\/feed\/c3e6abea-2254-416a-b8ef-0619098d0e45.xml\" class=\"powerpress_link_subscribe powerpress_link_subscribe_android\" target=\"_blank\" title=\"Subscribe on Android\" rel=\"nofollow\">Android<\/a> | <a href=\"https:\/\/www.deezer.com\/en\/show\/1000680512\" class=\"powerpress_link_subscribe powerpress_link_subscribe_deezer\" target=\"_blank\" title=\"Subscribe on Deezer\" rel=\"nofollow\">Deezer<\/a> | <a href=\"https:\/\/feeds.audiomeans.fr\/feed\/c3e6abea-2254-416a-b8ef-0619098d0e45.xml\" class=\"powerpress_link_subscribe powerpress_link_subscribe_rss\" target=\"_blank\" title=\"Subscribe via RSS\" rel=\"nofollow\">RSS<\/a> | <a href=\"https:\/\/parolesdhistoire.fr\/index.php\/sabonner\/\" class=\"powerpress_link_subscribe powerpress_link_subscribe_more\" target=\"_blank\" title=\"More\" rel=\"nofollow\">More<\/a><\/p><p><strong>L\u2019invit\u00e9e\u00a0: <\/strong>Catherine Kikuchi, ma\u00eetresse de conf\u00e9rences \u00e0 l\u2019universit\u00e9 de Versailles-Saint-Quentin en Yvelines, contributrice du site <a href=\"https:\/\/actuelmoyenage.wordpress.com\/\">Actuel Moyen \u00e2ge<\/a><\/p>\n<p><strong>Le livre\u00a0: <\/strong><em>La Venise des Livres, 1469-1530<\/em>, Champ Vallon, 2018.<\/p>\n<p><strong><a href=\"http:\/\/parolesdhistoire.fr\/wp-content\/uploads\/2018\/12\/Catherine_KIKUCHI_La_Venise_des_livres.jpg\"><img loading=\"lazy\" decoding=\"async\" class=\"aligncenter wp-image-349\" src=\"http:\/\/parolesdhistoire.fr\/wp-content\/uploads\/2018\/12\/Catherine_KIKUCHI_La_Venise_des_livres.jpg\" alt=\"\" width=\"239\" height=\"374\" \/><\/a><\/strong><strong>La discussion\u00a0:<\/strong> une d\u00e9marche de recherche qui part de la question des imprimeurs allemands \u00e0 Venise (1\u201945)\u00a0; la diffusion de l\u2019imprimerie de l\u2019Allemagne rh\u00e9nane vers Venise au XVe si\u00e8cle, difficile \u00e0 retracer (2\u201945)\u00a0; l\u2019espionnage industriel d\u2019un Nicolas Jenson (4\u201915)\u00a0; la n\u00e9cessit\u00e9 de d\u00e9construire la notion englobante d\u2019\u00ab\u00a0imprimeur\u00a0\u00bb pour approcher ce groupe social et sa complexit\u00e9 (5\u201930), un m\u00e9tier qui \u00e0 l\u2019origine n\u2019est pas dans le cadre d\u2019une corporation, posant la question des possibles mobilit\u00e9s sociales (7&#8217;40), l\u2019usage des sources et en particulier des colophons, ces marques distinctives \u00e0 la fin des livres (9\u201910), la m\u00e9thode prosopographique, le corpus, et les r\u00e9sultats de l\u2019enqu\u00eate sur le plan des origines\u00a0: un monde du livre marqu\u00e9 par la pr\u00e9sence d\u2019\u00e9trangers (10&#8217;10), les enjeux identitaires du fait de se dire \u00ab\u00a0Allemand\u00a0\u00bb ou \u00ab\u00a0Italien\u00a0\u00bb dans le contexte de l\u2019humanisme europ\u00e9en (11&#8242;), les liens entre imprimeurs allemands et marchands dans le cadre notamment du <em>Fondaco dei Tedeschi<\/em> (12&#8217;40), la \u00ab\u00a0condition d\u2019incertitude\u00a0\u00bb (S. Cerruti) des \u00e9trangers \u00e0 la fin du Moyen \u00e2ge (14&#8242;), le lectorat de Venise et le march\u00e9 du livre tel que les sources le dessinent (15&#8217;30), les ressemblances et diff\u00e9rences avec les livres moins co\u00fbteux imprim\u00e9s \u00e0 Paris (16&#8242;), le livre comme objet de luxe, mais qui devient moins cher et plus accessible au cours de la p\u00e9riode (17&#8217;25), les sp\u00e9cificit\u00e9s de l\u2019imprimerie comme activit\u00e9 \u00e9conomique, et les gros investissements en capital que cela n\u00e9cessite, ainsi que la fragilit\u00e9 qui en d\u00e9coule (19&#8217;05), les strat\u00e9gies d\u2019enracinement et de transmission familiales des entreprises (22&#8217;40), l\u2019articulation entre tensions (voire violences) et solidarit\u00e9s au sein du groupe (24&#8217;15), ce que dit le monde du livre des pouvoirs v\u00e9nitiens (26&#8217;50), les multiples langues et alphabets d\u2019impression (grec, cyrillique, glagolitique\u2026) et les situations que cela recouvre (29&#8217;30), les traces de ces imprimeurs dans la Venise d\u2019aujourd\u2019hui, leurs s\u00e9pultures notamment (34&#8242;), les \u00e9clairages de l\u2019histoire du livre sur les enjeux contemporains (36&#8217;30), la place de cette recherche\u00a0: histoire moderne, m\u00e9di\u00e9vale, du \u00ab\u00a0long Moyen \u00e2ge\u00a0\u00bb\u00a0? et pourquoi le terme de \u00ab\u00a0Renaissance\u00a0\u00bb n\u2019y correspond pas\u00a0? (37&#8217;20)<\/p>\n<p><strong>Les r\u00e9f\u00e9rences cit\u00e9es dans le podcast\u00a0:<br \/>\n&#8211; <\/strong>Claire Lemercier et Emmanuelle Picard, <a href=\"https:\/\/halshs.archives-ouvertes.fr\/halshs-00521512\/\">\u00ab\u00a0Quelle approche prosopographique\u00a0?\u00a0\u00bb<\/a><br \/>\n&#8211; Philippe Braunstein, <em>Les Allemands \u00e0 Venise (1380-1520)<\/em>, Rome, \u00c9cole fran\u00e7aise de Rome, 2016.<br \/>\n&#8211; Simona Cerruti, <em>\u00c9trangers. \u00c9tude d\u2019une condition d\u2019incertitude dans une soci\u00e9t\u00e9 d\u2019Ancien R\u00e9gime<\/em>, Paris, Bayard, 2012<br \/>\n&#8211; Martin Lowry, <em>Le monde d\u2019Alde Manuce. Imprimeurs, hommes d\u2019affaires et intellectuels dans la Venise de la renaissance<\/em>, \u00c9vreux, Cercle de la Librairie, 1989.<\/p>\n<p><strong>Le conseil de lecture\u00a0:\u00a0<\/strong>Henri-Jean Martin et Lucien Febvre, <em><a href=\"http:\/\/classiques.uqac.ca\/classiques\/febvre_lucien\/apparition_du_livre\/apparition_du_livre.html\">L\u2019apparition du livre<\/a><\/em>, 1957<\/p>\n","protected":false},"excerpt":{"rendered":"<p>L\u2019invit\u00e9e\u00a0: Catherine Kikuchi, ma\u00eetresse de conf\u00e9rences \u00e0 l\u2019universit\u00e9 de Versailles-Saint-Quentin en Yvelines, contributrice du site Actuel Moyen \u00e2ge Le livre\u00a0: La Venise des Livres, 1469-1530, Champ Vallon, 2018. La discussion\u00a0: une d\u00e9marche de recherche qui part de la question des imprimeurs allemands \u00e0 Venise (1\u201945)\u00a0; la diffusion de l\u2019imprimerie de l\u2019Allemagne rh\u00e9nane vers Venise au &hellip; <a href=\"https:\/\/parolesdhistoire.fr\/index.php\/2018\/12\/12\/33-imprimerie-et-imprimeurs-a-venise-a-la-fin-du-moyen-age-avec-catherine-kikuchi\/\" class=\"more-link\">Continue reading<span class=\"screen-reader-text\"> &#8220;33. Naissance de l&#8217;imprimerie \u00e0 Venise, avec Catherine Kikuchi&#8221;<\/span><\/a><\/p>\n","protected":false},"author":1,"featured_media":0,"comment_status":"open","ping_status":"open","sticky":false,"template":"","format":"standard","meta":{"footnotes":""},"categories":[4],"tags":[54,57,7,76,15],"class_list":["post-346","post","type-post","status-publish","format-standard","hentry","category-parution","tag-histoire-medievale","tag-histoire-moderne","tag-histoire-sociale","tag-italie","tag-prosopographie"],"_links":{"self":[{"href":"https:\/\/parolesdhistoire.fr\/index.php\/wp-json\/wp\/v2\/posts\/346","targetHints":{"allow":["GET"]}}],"collection":[{"href":"https:\/\/parolesdhistoire.fr\/index.php\/wp-json\/wp\/v2\/posts"}],"about":[{"href":"https:\/\/parolesdhistoire.fr\/index.php\/wp-json\/wp\/v2\/types\/post"}],"author":[{"embeddable":true,"href":"https:\/\/parolesdhistoire.fr\/index.php\/wp-json\/wp\/v2\/users\/1"}],"replies":[{"embeddable":true,"href":"https:\/\/parolesdhistoire.fr\/index.php\/wp-json\/wp\/v2\/comments?post=346"}],"version-history":[{"count":6,"href":"https:\/\/parolesdhistoire.fr\/index.php\/wp-json\/wp\/v2\/posts\/346\/revisions"}],"predecessor-version":[{"id":353,"href":"https:\/\/parolesdhistoire.fr\/index.php\/wp-json\/wp\/v2\/posts\/346\/revisions\/353"}],"wp:attachment":[{"href":"https:\/\/parolesdhistoire.fr\/index.php\/wp-json\/wp\/v2\/media?parent=346"}],"wp:term":[{"taxonomy":"category","embeddable":true,"href":"https:\/\/parolesdhistoire.fr\/index.php\/wp-json\/wp\/v2\/categories?post=346"},{"taxonomy":"post_tag","embeddable":true,"href":"https:\/\/parolesdhistoire.fr\/index.php\/wp-json\/wp\/v2\/tags?post=346"}],"curies":[{"name":"wp","href":"https:\/\/api.w.org\/{rel}","templated":true}]}}