{"id":3499,"date":"2026-08-31T07:00:49","date_gmt":"2026-08-31T05:00:49","guid":{"rendered":"https:\/\/parolesdhistoire.fr\/?p=3499"},"modified":"2026-08-29T13:14:43","modified_gmt":"2026-08-29T11:14:43","slug":"446-memoire-francaise-de-lesclavage-avec-pierre-yves-bocquet","status":"publish","type":"post","link":"https:\/\/parolesdhistoire.fr\/index.php\/2026\/08\/31\/446-memoire-francaise-de-lesclavage-avec-pierre-yves-bocquet\/","title":{"rendered":"446. M\u00e9moire fran\u00e7aise de l\u2019esclavage, avec Pierre-Yves Bocquet"},"content":{"rendered":"<p><iframe loading=\"lazy\"\n    style=\"margin: auto; min-width: 320px; border: 0;\"\n    src=\"https:\/\/player.audiomeans.fr\/player-v2\/paroles-d-histoire-0619098d0e45\/episodes\/4562eb00-1c36-4eea-81fb-975d6bbc78c1?mp=0&#038;leadin=0&#038;embed=0&#038;download=1&#038;std=0&#038;vert=0&#038;playlist=0&#038;color=7d7d7d&#038;theme=dark\"\n    width=\"80%\"\n    height=\"150px\"\n    allow=\"clipboard-write; autoplay\"><br \/>\n<\/iframe><br \/>\n<strong>L\u2019invit\u00e9\u00a0:<\/strong> Pierre-Yves Bocquet, directeur adjoint de la Fondation pour la m\u00e9moire de l\u2019esclavage<\/p>\n<p><strong>La discussion\u00a0:<\/strong><\/p>\n<ul>\n<li>Un parcours de haut fonctionnaire li\u00e9 \u00e0 l\u2019histoire (1:00)<\/li>\n<li>Une m\u00e9moire fran\u00e7aise de l\u2019esclavage lacunaire (10:00)<\/li>\n<li>Des transformations \u00e0 partir de 1998 puis de la loi Taubira en 2001 (18:30)<\/li>\n<li>Les enjeux politiques de la naissance de la FME, et son fonctionnement (24:00)<\/li>\n<li>Quelle efficacit\u00e9 des politiques publiques de m\u00e9moire\u00a0? (39:00)<\/li>\n<li>Politiques m\u00e9morielles, enjeux mat\u00e9riels, r\u00e9paration du pass\u00e9 (43:15)<\/li>\n<li>Quel(s) lieu(x) pour la m\u00e9moire de l\u2019esclavage\u00a0? (47:00)<\/li>\n<\/ul>\n<p><strong>Liens et r\u00e9f\u00e9rences\u00a0:<\/strong><\/p>\n<ul>\n<li>La <a href=\"https:\/\/memoire-esclavage.org\/\">Fondation<\/a> pour la M\u00e9moire de l\u2019esclavage<\/li>\n<li><a href=\"https:\/\/memoire-esclavage.org\/appel-du-ca-de-la-fme-pour-un-debat-sur-les-reparations\">Appel<\/a> de la FME \u00e0 un d\u00e9bat sur les r\u00e9parations<\/li>\n<li><a href=\"https:\/\/youtu.be\/RI7TFjs8IV0?si=HxCe0V0ZA-kUalL4\">Entretien<\/a> de PY Bocquet sur Get Busy<\/li>\n<li><a href=\"https:\/\/www.lagrandeconversation.com\/societe\/lignorance-qui-signore-a-propos-de-la-reception-mediatique-du-film-ni-chaines-ni-maitres\/\">Analyse<\/a> de la r\u00e9ception du film \u00ab\u00a0ni cha\u00eenes ni ma\u00eetres\u00a0\u00bb<\/li>\n<\/ul>\n<p><strong>Le conseil de lecture\u00a0:<\/strong> Magali Bessone, <em>Ce que nous devons \u00e0 Ha\u00efti<\/em><\/p>\n<p>&nbsp;<\/p>\n","protected":false},"excerpt":{"rendered":"<p>L\u2019invit\u00e9\u00a0: Pierre-Yves Bocquet, directeur adjoint de la Fondation pour la m\u00e9moire de l\u2019esclavage La discussion\u00a0: Un parcours de haut fonctionnaire li\u00e9 \u00e0 l\u2019histoire (1:00) Une m\u00e9moire fran\u00e7aise de l\u2019esclavage lacunaire (10:00) Des transformations \u00e0 partir de 1998 puis de la loi Taubira en 2001 (18:30) Les enjeux politiques de la naissance de la FME, et &hellip; <a href=\"https:\/\/parolesdhistoire.fr\/index.php\/2026\/08\/31\/446-memoire-francaise-de-lesclavage-avec-pierre-yves-bocquet\/\" class=\"more-link\">Continue reading<span class=\"screen-reader-text\"> &#8220;446. M\u00e9moire fran\u00e7aise de l\u2019esclavage, avec Pierre-Yves Bocquet&#8221;<\/span><\/a><\/p>\n","protected":false},"author":1,"featured_media":0,"comment_status":"open","ping_status":"open","sticky":false,"template":"","format":"standard","meta":{"footnotes":""},"categories":[1],"tags":[],"class_list":["post-3499","post","type-post","status-publish","format-standard","hentry","category-non-classe"],"_links":{"self":[{"href":"https:\/\/parolesdhistoire.fr\/index.php\/wp-json\/wp\/v2\/posts\/3499","targetHints":{"allow":["GET"]}}],"collection":[{"href":"https:\/\/parolesdhistoire.fr\/index.php\/wp-json\/wp\/v2\/posts"}],"about":[{"href":"https:\/\/parolesdhistoire.fr\/index.php\/wp-json\/wp\/v2\/types\/post"}],"author":[{"embeddable":true,"href":"https:\/\/parolesdhistoire.fr\/index.php\/wp-json\/wp\/v2\/users\/1"}],"replies":[{"embeddable":true,"href":"https:\/\/parolesdhistoire.fr\/index.php\/wp-json\/wp\/v2\/comments?post=3499"}],"version-history":[{"count":2,"href":"https:\/\/parolesdhistoire.fr\/index.php\/wp-json\/wp\/v2\/posts\/3499\/revisions"}],"predecessor-version":[{"id":3501,"href":"https:\/\/parolesdhistoire.fr\/index.php\/wp-json\/wp\/v2\/posts\/3499\/revisions\/3501"}],"wp:attachment":[{"href":"https:\/\/parolesdhistoire.fr\/index.php\/wp-json\/wp\/v2\/media?parent=3499"}],"wp:term":[{"taxonomy":"category","embeddable":true,"href":"https:\/\/parolesdhistoire.fr\/index.php\/wp-json\/wp\/v2\/categories?post=3499"},{"taxonomy":"post_tag","embeddable":true,"href":"https:\/\/parolesdhistoire.fr\/index.php\/wp-json\/wp\/v2\/tags?post=3499"}],"curies":[{"name":"wp","href":"https:\/\/api.w.org\/{rel}","templated":true}]}}