{"id":397,"date":"2019-02-06T03:58:54","date_gmt":"2019-02-06T02:58:54","guid":{"rendered":"http:\/\/parolesdhistoire.fr\/?p=397"},"modified":"2019-02-01T18:46:50","modified_gmt":"2019-02-01T17:46:50","slug":"38-la-signature-des-peintres-au-xviiie-siecle-avec-charlotte-guichard","status":"publish","type":"post","link":"https:\/\/parolesdhistoire.fr\/index.php\/2019\/02\/06\/38-la-signature-des-peintres-au-xviiie-siecle-avec-charlotte-guichard\/","title":{"rendered":"38. La signature des peintres au XVIIIe si\u00e8cle, avec Charlotte Guichard"},"content":{"rendered":"<iframe loading=\"lazy\" src=\"https:\/\/player.blubrry.com\/?media_url=https%3A%2F%2Fmedia.blubrry.com%2Fparolesdhistoire%2Fcontent.blubrry.com%2Fparolesdhistoire%2Fguichard_griffe.mp3&amp;modern=1&amp;podcast_link=https%3A%2F%2Fparolesdhistoire.fr%2Findex.php%2F2019%2F02%2F06%2F38-la-signature-des-peintres-au-xviiie-siecle-avec-charlotte-guichard%2F#mode-Light&border-000000&progress-000000\" scrolling=\"no\" width=\"100%\" height=\"165\" frameborder=\"0\" id=\"blubrryplayer-1\" class=\"blubrryplayer\" title=\"Blubrry Podcast Player\"><\/iframe><p class=\"powerpress_links powerpress_links_mp3\" style=\"margin-bottom: 1px !important;\">Podcast: <a href=\"https:\/\/media.blubrry.com\/parolesdhistoire\/content.blubrry.com\/parolesdhistoire\/guichard_griffe.mp3\" class=\"powerpress_link_pinw\" target=\"_blank\" title=\"Play in new window\" onclick=\"return powerpress_pinw('https:\/\/parolesdhistoire.fr\/?powerpress_pinw=397-podcast');\" rel=\"nofollow\">Play in new window<\/a> | <a href=\"https:\/\/media.blubrry.com\/parolesdhistoire\/content.blubrry.com\/parolesdhistoire\/guichard_griffe.mp3\" class=\"powerpress_link_d\" title=\"Download\" rel=\"nofollow\" download=\"guichard_griffe.mp3\">Download<\/a><\/p><p class=\"powerpress_links powerpress_subscribe_links\">S'abonner :  <a href=\"https:\/\/itunes.apple.com\/fr\/podcast\/paroles-dhistoire\/id1376002842?l=en&amp;mt=2&amp;ls=1#episodeGuid=http%3A%2F%2Fparolesdhistoire.fr%2F%3Fp%3D397\" class=\"powerpress_link_subscribe powerpress_link_subscribe_itunes\" target=\"_blank\" title=\"Subscribe on Apple Podcasts\" rel=\"nofollow\">Apple Podcasts<\/a> | <a href=\"https:\/\/open.spotify.com\/show\/57zBA3htpYUB4MJNhhlDnn\" class=\"powerpress_link_subscribe powerpress_link_subscribe_spotify\" target=\"_blank\" title=\"Subscribe on Spotify\" rel=\"nofollow\">Spotify<\/a> | <a href=\"https:\/\/subscribeonandroid.com\/feeds.audiomeans.fr\/feed\/c3e6abea-2254-416a-b8ef-0619098d0e45.xml\" class=\"powerpress_link_subscribe powerpress_link_subscribe_android\" target=\"_blank\" title=\"Subscribe on Android\" rel=\"nofollow\">Android<\/a> | <a href=\"https:\/\/www.deezer.com\/en\/show\/1000680512\" class=\"powerpress_link_subscribe powerpress_link_subscribe_deezer\" target=\"_blank\" title=\"Subscribe on Deezer\" rel=\"nofollow\">Deezer<\/a> | <a href=\"https:\/\/feeds.audiomeans.fr\/feed\/c3e6abea-2254-416a-b8ef-0619098d0e45.xml\" class=\"powerpress_link_subscribe powerpress_link_subscribe_rss\" target=\"_blank\" title=\"Subscribe via RSS\" rel=\"nofollow\">RSS<\/a> | <a href=\"https:\/\/parolesdhistoire.fr\/index.php\/sabonner\/\" class=\"powerpress_link_subscribe powerpress_link_subscribe_more\" target=\"_blank\" title=\"More\" rel=\"nofollow\">More<\/a><\/p><p><strong>L\u2019invit\u00e9e\u00a0: <\/strong>Charlotte Guichard, directrice de recherches au CNRS<\/p>\n<p><strong>Le livre\u00a0:<\/strong><em> La griffe du peintre<\/em>, Paris, Seuil, \u00ab\u00a0Univers historique illustr\u00e9\u00a0\u00bb, 2018.<a href=\"http:\/\/parolesdhistoire.fr\/wp-content\/uploads\/2019\/02\/005750856.jpg\"><img loading=\"lazy\" decoding=\"async\" class=\"aligncenter size-medium wp-image-398\" src=\"http:\/\/parolesdhistoire.fr\/wp-content\/uploads\/2019\/02\/005750856-191x300.jpg\" alt=\"\" width=\"191\" height=\"300\" srcset=\"https:\/\/parolesdhistoire.fr\/wp-content\/uploads\/2019\/02\/005750856-191x300.jpg 191w, https:\/\/parolesdhistoire.fr\/wp-content\/uploads\/2019\/02\/005750856.jpg 400w\" sizes=\"auto, (max-width: 191px) 85vw, 191px\" \/><\/a><strong>La discussion\u00a0: <\/strong>le titre du livre, la \u00ab\u00a0griffe\u00a0\u00bb entre m\u00e9taphore animale, geste auctorial, et dispositif technique (1:40)\u00a0; la signature m\u00e9di\u00e9vale ou renaissante comme marque de l\u2019atelier (4:15)\u00a0; le monogramme de D\u00fcrer, affirmation de l\u2019auteur mais pas encore autographe (5:45)\u00a0; les raisons qui font \u00e9merger la signature dans le tableau au XVIIIe si\u00e8cle (6:55)\u00a0; les transformations du statut de \u00ab\u00a0l\u2019auteur\u00a0\u00bb dans la p\u00e9riode, et sa manifestation dans la signature (7:45)\u00a0; l\u2019\u00e9mergence d\u2019un public qui sait regarder diff\u00e9remment les tableaux et leurs signatures (10:20)\u00a0; en retour, la complexit\u00e9 des choix d\u2019emplacements pour les signatures, chez Chardin ou Boilly (11:50)\u00a0; les conditions nouvelles de la notori\u00e9t\u00e9 des peintres via les Salons notamment (13:05)\u00a0; le jeu de la singularit\u00e9 et de la r\u00e9p\u00e9tition pour de m\u00eames tableaux (15:30)\u00a0; un jeu de r\u00e9p\u00e9titions et d\u2019\u00e9chos encore compliqu\u00e9 par la gravure (18:00)\u00a0; la peinture de Fragonard comme \u00ab\u00a0performance\u00a0\u00bb visible dans sa signature (20:10)\u00a0; la signature, &#8220;signe d\u00e9faillant&#8221; et indice non fiable, suivant les analyses de Carlo Ginzburg (23:00) la nouveaut\u00e9 de la logique du nom au XVIIIe si\u00e8cle, en l\u2019absence de cartel ou de cartouche sur le cadre, et le contexte \u00ab\u00a0d\u00e9mocratique\u00a0\u00bb de la naissance du cartel au moment de la R\u00e9volution fran\u00e7aise (24:10)\u00a0; la \u00ab\u00a0forme tableau\u00a0\u00bb elle-m\u00eame non encore stabilis\u00e9e au XVIIIe si\u00e8cle, qui n&#8217;est pas seulement une image, et dont il faut faire l\u2019histoire (26:25)\u00a0; signer de son nom, une forme d\u2019\u00e9mancipation pour un artiste d\u2019atelier, \u00e0 travers l\u2019affaire Casanova-Loutherbourg (29:45) et la signature de femmes pourtant mineures juridiquement comme \u00c9lisabeth Vig\u00e9e-Lebrun (33:30), la signature monumentale et personnelle \u00e0 la fois de David (36:15)\u00a0; les r\u00e9organisations r\u00e9volutionnaires du rapport au nom et \u00e0 la signature (39:40)\u00a0; plus largement la n\u00e9cessit\u00e9 de faire dialoguer l\u2019histoire de l\u2019art avec une histoire mat\u00e9rielle et sociale de la culture, o\u00f9 les artistes contribuent \u00e0 d\u00e9finir la valeur de leurs \u0153uvres (43:20)<strong>.<\/strong><\/p>\n<p><strong>Les r\u00e9f\u00e9rences cit\u00e9es dans le podcast\u00a0:<br \/>\n&#8211; <\/strong>Pierre Bourdieu, Yvette Delsaut, \u00ab\u00a0Le couturier et sa griffe : contribution \u00e0 une th\u00e9orie de la magie\u00a0\u00bb, <em>Actes de la Recherche en sciences sociales<\/em>, n\u00b01, janvier 1975<br \/>\n&#8211; B\u00e9atrice Fraenkel, <em>La Signature. Gen\u00e8se d&#8217;un signe<\/em>, Paris, Gallimard, 1992.<br \/>\n&#8211; Carlo Ginzburg, \u00ab\u00a0Signes, traces, pistes. Racines d&#8217;un paradigme de l&#8217;indice\u00a0\u00bb, <em>Le d\u00e9bat<\/em> (nov. 1980), p. 3-44.<br \/>\n&#8211; Pierre-Michel Menger, <em>Portrait de l\u2019artiste en travailleur<\/em>, Paris, R\u00e9publique des Id\u00e9es &amp; Seuil, 2003.<br \/>\n&#8211; Luc Boltanski et Arnaud Esquerre, <em>Enrichissement : une critique de la marchandise<\/em>, Paris, Gallimard, coll. \u00ab NRF Essais \u00bb, 2017.<\/p>\n<p><strong>Les conseils de lecture\u00a0:<br \/>\n&#8211; <\/strong>Svetlana Alpers, <em>L&#8217;Art de d\u00e9peindre. La peinture hollandaise au XVII\u1d49 si\u00e8cle<\/em>, Paris, Gallimard, \u00ab\u00a0Biblioth\u00e8que illustr\u00e9e des histoires\u00a0\u00bb, 1990<br \/>\n&#8211; Svetlana Alpers, <em>L\u2019atelier de Rembrandt. La libert\u00e9, la peinture et l&#8217;argent<\/em>, Paris, Gallimard, 199<br \/>\n&#8211; Roger Chartier, <em>Lectures et lecteurs dans la France d\u2019Ancien R\u00e9gime<\/em>, Paris, Seuil, 1987.<br \/>\n&#8211; Sophie Cras, <em>L\u2019\u00e9conomie \u00e0 l\u2019\u00e9preuve de l\u2019art, Art et capitalisme dans les ann\u00e9es 1960<\/em>, Dijon, Presses du R\u00e9el, 2018.<\/p>\n","protected":false},"excerpt":{"rendered":"<p>L\u2019invit\u00e9e\u00a0: Charlotte Guichard, directrice de recherches au CNRS Le livre\u00a0: La griffe du peintre, Paris, Seuil, \u00ab\u00a0Univers historique illustr\u00e9\u00a0\u00bb, 2018.La discussion\u00a0: le titre du livre, la \u00ab\u00a0griffe\u00a0\u00bb entre m\u00e9taphore animale, geste auctorial, et dispositif technique (1:40)\u00a0; la signature m\u00e9di\u00e9vale ou renaissante comme marque de l\u2019atelier (4:15)\u00a0; le monogramme de D\u00fcrer, affirmation de l\u2019auteur mais pas &hellip; <a href=\"https:\/\/parolesdhistoire.fr\/index.php\/2019\/02\/06\/38-la-signature-des-peintres-au-xviiie-siecle-avec-charlotte-guichard\/\" class=\"more-link\">Continue reading<span class=\"screen-reader-text\"> &#8220;38. La signature des peintres au XVIIIe si\u00e8cle, avec Charlotte Guichard&#8221;<\/span><\/a><\/p>\n","protected":false},"author":1,"featured_media":0,"comment_status":"open","ping_status":"open","sticky":false,"template":"","format":"standard","meta":{"footnotes":""},"categories":[1],"tags":[85,57,86],"class_list":["post-397","post","type-post","status-publish","format-standard","hentry","category-non-classe","tag-histoire-de-lart","tag-histoire-moderne","tag-peinture"],"_links":{"self":[{"href":"https:\/\/parolesdhistoire.fr\/index.php\/wp-json\/wp\/v2\/posts\/397","targetHints":{"allow":["GET"]}}],"collection":[{"href":"https:\/\/parolesdhistoire.fr\/index.php\/wp-json\/wp\/v2\/posts"}],"about":[{"href":"https:\/\/parolesdhistoire.fr\/index.php\/wp-json\/wp\/v2\/types\/post"}],"author":[{"embeddable":true,"href":"https:\/\/parolesdhistoire.fr\/index.php\/wp-json\/wp\/v2\/users\/1"}],"replies":[{"embeddable":true,"href":"https:\/\/parolesdhistoire.fr\/index.php\/wp-json\/wp\/v2\/comments?post=397"}],"version-history":[{"count":7,"href":"https:\/\/parolesdhistoire.fr\/index.php\/wp-json\/wp\/v2\/posts\/397\/revisions"}],"predecessor-version":[{"id":405,"href":"https:\/\/parolesdhistoire.fr\/index.php\/wp-json\/wp\/v2\/posts\/397\/revisions\/405"}],"wp:attachment":[{"href":"https:\/\/parolesdhistoire.fr\/index.php\/wp-json\/wp\/v2\/media?parent=397"}],"wp:term":[{"taxonomy":"category","embeddable":true,"href":"https:\/\/parolesdhistoire.fr\/index.php\/wp-json\/wp\/v2\/categories?post=397"},{"taxonomy":"post_tag","embeddable":true,"href":"https:\/\/parolesdhistoire.fr\/index.php\/wp-json\/wp\/v2\/tags?post=397"}],"curies":[{"name":"wp","href":"https:\/\/api.w.org\/{rel}","templated":true}]}}