{"id":481,"date":"2019-03-27T03:16:31","date_gmt":"2019-03-27T02:16:31","guid":{"rendered":"http:\/\/parolesdhistoire.fr\/?p=481"},"modified":"2019-03-26T17:32:03","modified_gmt":"2019-03-26T16:32:03","slug":"46-lhistoire-comme-emancipation-avec-laurence-de-cock-mathilde-larrere-et-guillaume-mazeau","status":"publish","type":"post","link":"https:\/\/parolesdhistoire.fr\/index.php\/2019\/03\/27\/46-lhistoire-comme-emancipation-avec-laurence-de-cock-mathilde-larrere-et-guillaume-mazeau\/","title":{"rendered":"46. L\u2019histoire comme \u00e9mancipation, avec Laurence De Cock, Mathilde Larr\u00e8re et Guillaume Mazeau"},"content":{"rendered":"<iframe loading=\"lazy\" src=\"https:\/\/player.blubrry.com\/?media_url=https%3A%2F%2Fmedia.blubrry.com%2Fparolesdhistoire%2Fcontent.blubrry.com%2Fparolesdhistoire%2Fhistoire_emancipation.mp3&amp;modern=1&amp;podcast_link=https%3A%2F%2Fparolesdhistoire.fr%2Findex.php%2F2019%2F03%2F27%2F46-lhistoire-comme-emancipation-avec-laurence-de-cock-mathilde-larrere-et-guillaume-mazeau%2F#mode-Light&border-000000&progress-000000\" scrolling=\"no\" width=\"100%\" height=\"165\" frameborder=\"0\" id=\"blubrryplayer-1\" class=\"blubrryplayer\" title=\"Blubrry Podcast Player\"><\/iframe><p class=\"powerpress_links powerpress_links_mp3\" style=\"margin-bottom: 1px !important;\">Podcast: <a href=\"https:\/\/media.blubrry.com\/parolesdhistoire\/content.blubrry.com\/parolesdhistoire\/histoire_emancipation.mp3\" class=\"powerpress_link_pinw\" target=\"_blank\" title=\"Play in new window\" onclick=\"return powerpress_pinw('https:\/\/parolesdhistoire.fr\/?powerpress_pinw=481-podcast');\" rel=\"nofollow\">Play in new window<\/a> | <a href=\"https:\/\/media.blubrry.com\/parolesdhistoire\/content.blubrry.com\/parolesdhistoire\/histoire_emancipation.mp3\" class=\"powerpress_link_d\" title=\"Download\" rel=\"nofollow\" download=\"histoire_emancipation.mp3\">Download<\/a><\/p><p class=\"powerpress_links powerpress_subscribe_links\">S'abonner :  <a href=\"https:\/\/itunes.apple.com\/fr\/podcast\/paroles-dhistoire\/id1376002842?l=en&amp;mt=2&amp;ls=1#episodeGuid=http%3A%2F%2Fparolesdhistoire.fr%2F%3Fp%3D481\" class=\"powerpress_link_subscribe powerpress_link_subscribe_itunes\" target=\"_blank\" title=\"Subscribe on Apple Podcasts\" rel=\"nofollow\">Apple Podcasts<\/a> | <a href=\"https:\/\/open.spotify.com\/show\/57zBA3htpYUB4MJNhhlDnn\" class=\"powerpress_link_subscribe powerpress_link_subscribe_spotify\" target=\"_blank\" title=\"Subscribe on Spotify\" rel=\"nofollow\">Spotify<\/a> | <a href=\"https:\/\/subscribeonandroid.com\/feeds.audiomeans.fr\/feed\/c3e6abea-2254-416a-b8ef-0619098d0e45.xml\" class=\"powerpress_link_subscribe powerpress_link_subscribe_android\" target=\"_blank\" title=\"Subscribe on Android\" rel=\"nofollow\">Android<\/a> | <a href=\"https:\/\/www.deezer.com\/en\/show\/1000680512\" class=\"powerpress_link_subscribe powerpress_link_subscribe_deezer\" target=\"_blank\" title=\"Subscribe on Deezer\" rel=\"nofollow\">Deezer<\/a> | <a href=\"https:\/\/feeds.audiomeans.fr\/feed\/c3e6abea-2254-416a-b8ef-0619098d0e45.xml\" class=\"powerpress_link_subscribe powerpress_link_subscribe_rss\" target=\"_blank\" title=\"Subscribe via RSS\" rel=\"nofollow\">RSS<\/a> | <a href=\"https:\/\/parolesdhistoire.fr\/index.php\/sabonner\/\" class=\"powerpress_link_subscribe powerpress_link_subscribe_more\" target=\"_blank\" title=\"More\" rel=\"nofollow\">More<\/a><\/p><p><strong>Les invit\u00e9-e-s\u00a0: <\/strong>Laurence de Cock (professeure en lyc\u00e9e), Mathilde Larr\u00e8re (MCF \u00e0 l\u2019Universit\u00e9 Paris-Est-Marne-la-Vall\u00e9e) et Guillaume Mazeau (MCF \u00e0 l\u2019Universit\u00e9 Paris-I)<\/p>\n<p><strong>Le livre\u00a0:<\/strong> <em>L\u2019histoire comme \u00e9mancipation<\/em>, Agone \/ Aggiornamento Histoire-g\u00e9ographie, 2019.<br \/>\n<a href=\"http:\/\/parolesdhistoire.fr\/wp-content\/uploads\/2019\/03\/couv_3134.png\"><img loading=\"lazy\" decoding=\"async\" class=\"aligncenter size-medium wp-image-483\" src=\"http:\/\/parolesdhistoire.fr\/wp-content\/uploads\/2019\/03\/couv_3134-185x300.png\" alt=\"\" width=\"185\" height=\"300\" srcset=\"https:\/\/parolesdhistoire.fr\/wp-content\/uploads\/2019\/03\/couv_3134-185x300.png 185w, https:\/\/parolesdhistoire.fr\/wp-content\/uploads\/2019\/03\/couv_3134.png 246w\" sizes=\"auto, (max-width: 185px) 85vw, 185px\" \/><\/a><strong>La discussion\u00a0:<\/strong> le sens \u00e0 donner au titre du livre, \u00ab l\u2019histoire comme \u00e9mancipation \u00bb (1:00) ; la d\u00e9fense d\u2019une histoire qui peut \u00eatre \u00e0 la fois engag\u00e9e et scientifique (4:30) ; la m\u00e9thode historique qui peut elle-m\u00eame \u00eatre \u00e9mancipatrice (6:20) ; ne pas substituer un \u00ab roman de gauche \u00bb au \u00ab roman national \u00bb (10:00) ; l\u2019importance du travail historique pour faire exister les domin\u00e9-e-s ou \u00ab invisibilis\u00e9-e-s \u00bb de l\u2019histoire (12:00) ; les ann\u00e9es 1980 comme point de bascule d\u2019une politisation de l\u2019histoire, r\u00e9activant une histoire conservatrice (14:00) ; un exemple d\u2019invisibilit\u00e9 r\u00e9cente : l\u2019histoire des paysans (16:45) ; un contexte qui am\u00e8ne \u00e0 chercher des fa\u00e7ons d\u2019opposer des propositions aux r\u00e9cits dominants ou simplificateurs (18:10) ; l\u2019espace de la vulgarisation qu\u2019il ne faut pas abandonner (19:30) ; l\u2019imp\u00e9ratif p\u00e9dagogique, li\u00e9 \u00e0 l\u2019\u00e9mancipation, et qui ne va pourtant pas de soi dans le m\u00e9tier historien (24:30) ; un livre qui constitue \u00e0 la fois un manifeste et l\u2019exposition de propositions et de t\u00e2tonnements (26:20) ; le n\u00e9cessit\u00e9 pour les historiennes et les historiens de \u00ab redistribuer \u00bb le capital culturel (28:40) ; pour cela, un travail qui peut se confronter \u00e0 d\u2019autres formes, comme le travail th\u00e9\u00e2tral (30:50) ; un retour sur la pol\u00e9mique li\u00e9e \u00e0 la (fausse) disparition de Verdun dans les programmes scolaires (36:00) ; l\u2019histoire comme mise \u00e0 distance de soi-m\u00eame, permettant aussi le d\u00e9saccord et le d\u00e9bat (40:20).<\/p>\n<p><strong>Les pr\u00e9c\u00e9dentes \u00e9missions\u00a0:<\/strong> s<a href=\"http:\/\/parolesdhistoire.fr\/index.php\/2018\/05\/09\/ep-5-sur-lenseignement-de-lhistoire-avec-laurence-de-cock\/\">ur l\u2019enseignement de l\u2019histoire<\/a>, avec Laurence De Cock ; <a href=\"http:\/\/parolesdhistoire.fr\/index.php\/2018\/09\/07\/18-festival-1848-des-peuples-en-revolution-avec-romain-duplan-et-mathilde-larrere\/\">autour de 1848<\/a>, avec Mathilde Larr\u00e8re et Romain Duplan ; <a href=\"http:\/\/parolesdhistoire.fr\/index.php\/2018\/12\/05\/32-le-maitron-un-monument-de-lhistoire-sociale-desormais-en-libre-acces-avec-paul-boulland\/\">sur le dictionnaire &#8220;Maitron&#8221;<\/a> avec Paul Boulland.<\/p>\n","protected":false},"excerpt":{"rendered":"<p>Les invit\u00e9-e-s\u00a0: Laurence de Cock (professeure en lyc\u00e9e), Mathilde Larr\u00e8re (MCF \u00e0 l\u2019Universit\u00e9 Paris-Est-Marne-la-Vall\u00e9e) et Guillaume Mazeau (MCF \u00e0 l\u2019Universit\u00e9 Paris-I) Le livre\u00a0: L\u2019histoire comme \u00e9mancipation, Agone \/ Aggiornamento Histoire-g\u00e9ographie, 2019. La discussion\u00a0: le sens \u00e0 donner au titre du livre, \u00ab l\u2019histoire comme \u00e9mancipation \u00bb (1:00) ; la d\u00e9fense d\u2019une histoire qui peut \u00eatre &hellip; <a href=\"https:\/\/parolesdhistoire.fr\/index.php\/2019\/03\/27\/46-lhistoire-comme-emancipation-avec-laurence-de-cock-mathilde-larrere-et-guillaume-mazeau\/\" class=\"more-link\">Continue reading<span class=\"screen-reader-text\"> &#8220;46. L\u2019histoire comme \u00e9mancipation, avec Laurence De Cock, Mathilde Larr\u00e8re et Guillaume Mazeau&#8221;<\/span><\/a><\/p>\n","protected":false},"author":1,"featured_media":0,"comment_status":"open","ping_status":"open","sticky":false,"template":"","format":"standard","meta":{"footnotes":""},"categories":[4],"tags":[28,29,51,27,33,49],"class_list":["post-481","post","type-post","status-publish","format-standard","hentry","category-parution","tag-historiographie","tag-medias","tag-metier","tag-pedagogie","tag-roman-national","tag-theatre"],"_links":{"self":[{"href":"https:\/\/parolesdhistoire.fr\/index.php\/wp-json\/wp\/v2\/posts\/481","targetHints":{"allow":["GET"]}}],"collection":[{"href":"https:\/\/parolesdhistoire.fr\/index.php\/wp-json\/wp\/v2\/posts"}],"about":[{"href":"https:\/\/parolesdhistoire.fr\/index.php\/wp-json\/wp\/v2\/types\/post"}],"author":[{"embeddable":true,"href":"https:\/\/parolesdhistoire.fr\/index.php\/wp-json\/wp\/v2\/users\/1"}],"replies":[{"embeddable":true,"href":"https:\/\/parolesdhistoire.fr\/index.php\/wp-json\/wp\/v2\/comments?post=481"}],"version-history":[{"count":6,"href":"https:\/\/parolesdhistoire.fr\/index.php\/wp-json\/wp\/v2\/posts\/481\/revisions"}],"predecessor-version":[{"id":488,"href":"https:\/\/parolesdhistoire.fr\/index.php\/wp-json\/wp\/v2\/posts\/481\/revisions\/488"}],"wp:attachment":[{"href":"https:\/\/parolesdhistoire.fr\/index.php\/wp-json\/wp\/v2\/media?parent=481"}],"wp:term":[{"taxonomy":"category","embeddable":true,"href":"https:\/\/parolesdhistoire.fr\/index.php\/wp-json\/wp\/v2\/categories?post=481"},{"taxonomy":"post_tag","embeddable":true,"href":"https:\/\/parolesdhistoire.fr\/index.php\/wp-json\/wp\/v2\/tags?post=481"}],"curies":[{"name":"wp","href":"https:\/\/api.w.org\/{rel}","templated":true}]}}