{"id":562,"date":"2019-06-12T03:35:43","date_gmt":"2019-06-12T01:35:43","guid":{"rendered":"http:\/\/parolesdhistoire.fr\/?p=562"},"modified":"2019-06-10T11:28:36","modified_gmt":"2019-06-10T09:28:36","slug":"58-liconoclasme-politique-au-xixe-siecle-avec-emmanuel-fureix","status":"publish","type":"post","link":"https:\/\/parolesdhistoire.fr\/index.php\/2019\/06\/12\/58-liconoclasme-politique-au-xixe-siecle-avec-emmanuel-fureix\/","title":{"rendered":"58. L\u2019iconoclasme politique au XIXe si\u00e8cle, avec Emmanuel Fureix"},"content":{"rendered":"<iframe loading=\"lazy\" src=\"https:\/\/player.blubrry.com\/?media_url=https%3A%2F%2Fmedia.blubrry.com%2Fparolesdhistoire%2Fcontent.blubrry.com%2Fparolesdhistoire%2Ficonoclasme_fureix.mp3&amp;modern=1&amp;podcast_link=https%3A%2F%2Fparolesdhistoire.fr%2Findex.php%2F2019%2F06%2F12%2F58-liconoclasme-politique-au-xixe-siecle-avec-emmanuel-fureix%2F#mode-Light&border-000000&progress-000000\" scrolling=\"no\" width=\"100%\" height=\"165\" frameborder=\"0\" id=\"blubrryplayer-1\" class=\"blubrryplayer\" title=\"Blubrry Podcast Player\"><\/iframe><p class=\"powerpress_links powerpress_links_mp3\" style=\"margin-bottom: 1px !important;\">Podcast: <a href=\"https:\/\/media.blubrry.com\/parolesdhistoire\/content.blubrry.com\/parolesdhistoire\/iconoclasme_fureix.mp3\" class=\"powerpress_link_pinw\" target=\"_blank\" title=\"Play in new window\" onclick=\"return powerpress_pinw('https:\/\/parolesdhistoire.fr\/?powerpress_pinw=562-podcast');\" rel=\"nofollow\">Play in new window<\/a> | <a href=\"https:\/\/media.blubrry.com\/parolesdhistoire\/content.blubrry.com\/parolesdhistoire\/iconoclasme_fureix.mp3\" class=\"powerpress_link_d\" title=\"Download\" rel=\"nofollow\" download=\"iconoclasme_fureix.mp3\">Download<\/a><\/p><p class=\"powerpress_links powerpress_subscribe_links\">S'abonner :  <a href=\"https:\/\/itunes.apple.com\/fr\/podcast\/paroles-dhistoire\/id1376002842?l=en&amp;mt=2&amp;ls=1#episodeGuid=http%3A%2F%2Fparolesdhistoire.fr%2F%3Fp%3D562\" class=\"powerpress_link_subscribe powerpress_link_subscribe_itunes\" target=\"_blank\" title=\"Subscribe on Apple Podcasts\" rel=\"nofollow\">Apple Podcasts<\/a> | <a href=\"https:\/\/open.spotify.com\/show\/57zBA3htpYUB4MJNhhlDnn\" class=\"powerpress_link_subscribe powerpress_link_subscribe_spotify\" target=\"_blank\" title=\"Subscribe on Spotify\" rel=\"nofollow\">Spotify<\/a> | <a href=\"https:\/\/subscribeonandroid.com\/feeds.audiomeans.fr\/feed\/c3e6abea-2254-416a-b8ef-0619098d0e45.xml\" class=\"powerpress_link_subscribe powerpress_link_subscribe_android\" target=\"_blank\" title=\"Subscribe on Android\" rel=\"nofollow\">Android<\/a> | <a href=\"https:\/\/www.deezer.com\/en\/show\/1000680512\" class=\"powerpress_link_subscribe powerpress_link_subscribe_deezer\" target=\"_blank\" title=\"Subscribe on Deezer\" rel=\"nofollow\">Deezer<\/a> | <a href=\"https:\/\/feeds.audiomeans.fr\/feed\/c3e6abea-2254-416a-b8ef-0619098d0e45.xml\" class=\"powerpress_link_subscribe powerpress_link_subscribe_rss\" target=\"_blank\" title=\"Subscribe via RSS\" rel=\"nofollow\">RSS<\/a> | <a href=\"https:\/\/parolesdhistoire.fr\/index.php\/sabonner\/\" class=\"powerpress_link_subscribe powerpress_link_subscribe_more\" target=\"_blank\" title=\"More\" rel=\"nofollow\">More<\/a><\/p><p><strong>L\u2019invit\u00e9\u00a0:<\/strong> Emmanuel Fureix, ma\u00eetre de conf\u00e9rences \u00e0 l\u2019Universit\u00e9 Paris-est Cr\u00e9teil<\/p>\n<p><a href=\"http:\/\/parolesdhistoire.fr\/wp-content\/uploads\/2019\/06\/CouvOeilBless\u00e9.jpg\"><img loading=\"lazy\" decoding=\"async\" class=\"aligncenter wp-image-565\" src=\"http:\/\/parolesdhistoire.fr\/wp-content\/uploads\/2019\/06\/CouvOeilBless\u00e9-186x300.jpg\" alt=\"\" width=\"287\" height=\"463\" srcset=\"https:\/\/parolesdhistoire.fr\/wp-content\/uploads\/2019\/06\/CouvOeilBless\u00e9-186x300.jpg 186w, https:\/\/parolesdhistoire.fr\/wp-content\/uploads\/2019\/06\/CouvOeilBless\u00e9-768x1238.jpg 768w, https:\/\/parolesdhistoire.fr\/wp-content\/uploads\/2019\/06\/CouvOeilBless\u00e9-635x1024.jpg 635w, https:\/\/parolesdhistoire.fr\/wp-content\/uploads\/2019\/06\/CouvOeilBless\u00e9-1200x1935.jpg 1200w\" sizes=\"auto, (max-width: 287px) 85vw, 287px\" \/><\/a><strong>Le livre\u00a0:<\/strong> <em>L\u2019\u0153il bless\u00e9. Politiques de l\u2019iconoclasme apr\u00e8s la R\u00e9volution fran\u00e7aise<\/em>, Champ Vallon 2019.<\/p>\n<p><strong>La discussion\u00a0:<\/strong><\/p>\n<ul>\n<li>Le titre du livre\u00a0: de qui l\u2019\u0153il est-il bless\u00e9, et par quoi\u00a0?<\/li>\n<li>Les signes vis\u00e9s par l\u2019iconoclasme politique, et les types d\u2019op\u00e9rations qui les entourent<\/li>\n<li>Une inqui\u00e9tude envers les signes politiques, qui produit des sources administratives et judiciaires en particulier<\/li>\n<li>Des t\u00e9moignages, qui n\u2019\u00e9manent que peu des hommes politiques, qui jugent tout cela d\u00e9risoire<\/li>\n<li>L\u2019iconoclasme, trace d\u2019autres formes de politisation, et de conceptions de la citoyennet\u00e9, que celle qui passe par le vote<\/li>\n<li>Une pratique iconoclaste qui ne s\u2019explique pas seulement par des \u00e9l\u00e9ments sociologiques (couches populaires vs. \u00e9lites)<\/li>\n<li>La monnaie, o\u00f9 s\u2019inscrit la souverainet\u00e9, vis\u00e9e par l\u2019iconoclasme<\/li>\n<li>L\u2019imaginaire du r\u00e9gicide visant les Bourbons<\/li>\n<li>Les fleurs et leur gamme chromatique indiquant des appartenances politiques<\/li>\n<li>La croyance en une puissance performative des signes et des gestes qui les visent<\/li>\n<li>La tension entre gestes iconoclastes et sacralisation du patrimoine et de la propri\u00e9t\u00e9 au XIXe si\u00e8cle<\/li>\n<li>Un iconoclasme chirurgical \u00e0 lier \u00e0 la notion d\u2019\u00ab\u00a0iconoclash\u00a0\u00bb (Bruno Latour)<\/li>\n<li>Un iconoclasme entre spontan\u00e9it\u00e9 et le calcul<\/li>\n<li>Le contexte particuli\u00e8rement troubl\u00e9 des ann\u00e9es 1814-1816, et la virulence iconoclaste de la seconde Restauration<\/li>\n<li>Un usage paradoxal et risqu\u00e9 de l\u2019iconoclasme du c\u00f4t\u00e9 des Bourbons et de leurs partisans<\/li>\n<li>Une autre dimension de ces conflits autour des signes\u00a0: le d\u00e9fi masculin dans l\u2019espace public<\/li>\n<li>La \u00ab\u00a0recharge iconoclaste\u00a0\u00bb de f\u00e9vrier 1831<\/li>\n<li>Quels sens donner \u00e0 la sc\u00e8ne c\u00e9l\u00e8bre du \u00ab\u00a0sac\u00a0 des Tuileries\u00a0\u00bb en\u00a0 f\u00e9vrier 1848\u00a0?<\/li>\n<li>Le surprenant iconoclasme de la R\u00e9publique conservatrice de 1849-1851<\/li>\n<li>Un moment d\u2019iconoclasme un peu oubli\u00e9\u00a0: la chute du Second Empire en septembre 1870<\/li>\n<li>Le rapport entre Paris et province et les moments de diffusion des nouvelles parisiennes \u00e0 l\u2019origine de pratiques iconoclastes<\/li>\n<li>La violence iconoclaste, substitut \u00e0 la violence physique\u00a0?<\/li>\n<li>Une efficacit\u00e9 des gestes iconoclastes qui semble d\u00e9cro\u00eetre dans le dernier tiers du XIXe si\u00e8cle<\/li>\n<li>La faible circulation internationale de l\u2019iconoclasme, \u00e0 la diff\u00e9rence de la barricade.<\/li>\n<li>Les r\u00e9surgences de l\u2019iconoclasme dans les soci\u00e9t\u00e9s contemporaines<\/li>\n<\/ul>\n<p><strong>Les conseils de lecture\u00a0:<br \/>\n<\/strong>&#8211; Alain Corbin, <em>Le village des cannibales<\/em>, Paris, Aubier, 1990.<br \/>\n&#8211; Emmanuel Fureix, <em>Le si\u00e8cle des possibles (1814-1914)<\/em>, Paris, PUF, 2014.<\/p>\n","protected":false},"excerpt":{"rendered":"<p>L\u2019invit\u00e9\u00a0: Emmanuel Fureix, ma\u00eetre de conf\u00e9rences \u00e0 l\u2019Universit\u00e9 Paris-est Cr\u00e9teil Le livre\u00a0: L\u2019\u0153il bless\u00e9. Politiques de l\u2019iconoclasme apr\u00e8s la R\u00e9volution fran\u00e7aise, Champ Vallon 2019. La discussion\u00a0: Le titre du livre\u00a0: de qui l\u2019\u0153il est-il bless\u00e9, et par quoi\u00a0? Les signes vis\u00e9s par l\u2019iconoclasme politique, et les types d\u2019op\u00e9rations qui les entourent Une inqui\u00e9tude envers les &hellip; <a href=\"https:\/\/parolesdhistoire.fr\/index.php\/2019\/06\/12\/58-liconoclasme-politique-au-xixe-siecle-avec-emmanuel-fureix\/\" class=\"more-link\">Continue reading<span class=\"screen-reader-text\"> &#8220;58. L\u2019iconoclasme politique au XIXe si\u00e8cle, avec Emmanuel Fureix&#8221;<\/span><\/a><\/p>\n","protected":false},"author":1,"featured_media":0,"comment_status":"open","ping_status":"open","sticky":false,"template":"","format":"standard","meta":{"footnotes":""},"categories":[4],"tags":[5,8,13,34],"class_list":["post-562","post","type-post","status-publish","format-standard","hentry","category-parution","tag-contempo","tag-histoire-culturelle","tag-histoire-politique","tag-xixe"],"_links":{"self":[{"href":"https:\/\/parolesdhistoire.fr\/index.php\/wp-json\/wp\/v2\/posts\/562","targetHints":{"allow":["GET"]}}],"collection":[{"href":"https:\/\/parolesdhistoire.fr\/index.php\/wp-json\/wp\/v2\/posts"}],"about":[{"href":"https:\/\/parolesdhistoire.fr\/index.php\/wp-json\/wp\/v2\/types\/post"}],"author":[{"embeddable":true,"href":"https:\/\/parolesdhistoire.fr\/index.php\/wp-json\/wp\/v2\/users\/1"}],"replies":[{"embeddable":true,"href":"https:\/\/parolesdhistoire.fr\/index.php\/wp-json\/wp\/v2\/comments?post=562"}],"version-history":[{"count":3,"href":"https:\/\/parolesdhistoire.fr\/index.php\/wp-json\/wp\/v2\/posts\/562\/revisions"}],"predecessor-version":[{"id":566,"href":"https:\/\/parolesdhistoire.fr\/index.php\/wp-json\/wp\/v2\/posts\/562\/revisions\/566"}],"wp:attachment":[{"href":"https:\/\/parolesdhistoire.fr\/index.php\/wp-json\/wp\/v2\/media?parent=562"}],"wp:term":[{"taxonomy":"category","embeddable":true,"href":"https:\/\/parolesdhistoire.fr\/index.php\/wp-json\/wp\/v2\/categories?post=562"},{"taxonomy":"post_tag","embeddable":true,"href":"https:\/\/parolesdhistoire.fr\/index.php\/wp-json\/wp\/v2\/tags?post=562"}],"curies":[{"name":"wp","href":"https:\/\/api.w.org\/{rel}","templated":true}]}}