{"id":579,"date":"2019-06-20T12:45:11","date_gmt":"2019-06-20T10:45:11","guid":{"rendered":"http:\/\/parolesdhistoire.fr\/?p=579"},"modified":"2019-06-20T12:28:27","modified_gmt":"2019-06-20T10:28:27","slug":"60-retour-sur-le-centenaire-de-la-grande-guerre-avec-laurent-veyssiere","status":"publish","type":"post","link":"https:\/\/parolesdhistoire.fr\/index.php\/2019\/06\/20\/60-retour-sur-le-centenaire-de-la-grande-guerre-avec-laurent-veyssiere\/","title":{"rendered":"60. Retour sur le centenaire de la Grande Guerre, avec Laurent Veyssi\u00e8re"},"content":{"rendered":"<iframe loading=\"lazy\" src=\"https:\/\/player.blubrry.com\/?media_url=https%3A%2F%2Fmedia.blubrry.com%2Fparolesdhistoire%2Fcontent.blubrry.com%2Fparolesdhistoire%2Fcentenaire_veyssiere.mp3&amp;modern=1&amp;podcast_link=https%3A%2F%2Fparolesdhistoire.fr%2Findex.php%2F2019%2F06%2F20%2F60-retour-sur-le-centenaire-de-la-grande-guerre-avec-laurent-veyssiere%2F#mode-Light&border-000000&progress-000000\" scrolling=\"no\" width=\"100%\" height=\"165\" frameborder=\"0\" id=\"blubrryplayer-1\" class=\"blubrryplayer\" title=\"Blubrry Podcast Player\"><\/iframe><p class=\"powerpress_links powerpress_links_mp3\" style=\"margin-bottom: 1px !important;\">Podcast: <a href=\"https:\/\/media.blubrry.com\/parolesdhistoire\/content.blubrry.com\/parolesdhistoire\/centenaire_veyssiere.mp3\" class=\"powerpress_link_pinw\" target=\"_blank\" title=\"Play in new window\" onclick=\"return powerpress_pinw('https:\/\/parolesdhistoire.fr\/?powerpress_pinw=579-podcast');\" rel=\"nofollow\">Play in new window<\/a> | <a href=\"https:\/\/media.blubrry.com\/parolesdhistoire\/content.blubrry.com\/parolesdhistoire\/centenaire_veyssiere.mp3\" class=\"powerpress_link_d\" title=\"Download\" rel=\"nofollow\" download=\"centenaire_veyssiere.mp3\">Download<\/a><\/p><p class=\"powerpress_links powerpress_subscribe_links\">S'abonner :  <a href=\"https:\/\/itunes.apple.com\/fr\/podcast\/paroles-dhistoire\/id1376002842?l=en&amp;mt=2&amp;ls=1#episodeGuid=http%3A%2F%2Fparolesdhistoire.fr%2F%3Fp%3D579\" class=\"powerpress_link_subscribe powerpress_link_subscribe_itunes\" target=\"_blank\" title=\"Subscribe on Apple Podcasts\" rel=\"nofollow\">Apple Podcasts<\/a> | <a href=\"https:\/\/open.spotify.com\/show\/57zBA3htpYUB4MJNhhlDnn\" class=\"powerpress_link_subscribe powerpress_link_subscribe_spotify\" target=\"_blank\" title=\"Subscribe on Spotify\" rel=\"nofollow\">Spotify<\/a> | <a href=\"https:\/\/subscribeonandroid.com\/feeds.audiomeans.fr\/feed\/c3e6abea-2254-416a-b8ef-0619098d0e45.xml\" class=\"powerpress_link_subscribe powerpress_link_subscribe_android\" target=\"_blank\" title=\"Subscribe on Android\" rel=\"nofollow\">Android<\/a> | <a href=\"https:\/\/www.deezer.com\/en\/show\/1000680512\" class=\"powerpress_link_subscribe powerpress_link_subscribe_deezer\" target=\"_blank\" title=\"Subscribe on Deezer\" rel=\"nofollow\">Deezer<\/a> | <a href=\"https:\/\/feeds.audiomeans.fr\/feed\/c3e6abea-2254-416a-b8ef-0619098d0e45.xml\" class=\"powerpress_link_subscribe powerpress_link_subscribe_rss\" target=\"_blank\" title=\"Subscribe via RSS\" rel=\"nofollow\">RSS<\/a> | <a href=\"https:\/\/parolesdhistoire.fr\/index.php\/sabonner\/\" class=\"powerpress_link_subscribe powerpress_link_subscribe_more\" target=\"_blank\" title=\"More\" rel=\"nofollow\">More<\/a><\/p><p><strong>L&#8217;invit\u00e9:<\/strong> Laurent Veyssi\u00e8re, directeur g\u00e9n\u00e9ral adjoint de la mission du centenaire de la Premi\u00e8re Guerre mondiale<\/p>\n<p><strong>La discussion:<\/strong> les rencontres des 20-21 juin 2019 \u00e0 la BNF; les acquis de la comm\u00e9moration; les regrets; la dimension p\u00e9dagogique comme \u00e9l\u00e9ment fondamental<\/p>\n<p><em>Un podcast improvis\u00e9 (d&#8217;o\u00f9 la qualit\u00e9 moyenne du fichier audio) \u00e0 la BNF \u00e0 l&#8217;occasion des journ\u00e9es &#8220;<a href=\"http:\/\/www.centenaire.org\/fr\/en-france\/ile-de-france\/paris\/il-etait-une-fois-le-centenaire-la-bnf-les-20-et-21-juin-2019\">il \u00e9tait une fois le centenaire<\/a>&#8220;<\/em><\/p>\n","protected":false},"excerpt":{"rendered":"<p>L&#8217;invit\u00e9: Laurent Veyssi\u00e8re, directeur g\u00e9n\u00e9ral adjoint de la mission du centenaire de la Premi\u00e8re Guerre mondiale La discussion: les rencontres des 20-21 juin 2019 \u00e0 la BNF; les acquis de la comm\u00e9moration; les regrets; la dimension p\u00e9dagogique comme \u00e9l\u00e9ment fondamental Un podcast improvis\u00e9 (d&#8217;o\u00f9 la qualit\u00e9 moyenne du fichier audio) \u00e0 la BNF \u00e0 l&#8217;occasion &hellip; <a href=\"https:\/\/parolesdhistoire.fr\/index.php\/2019\/06\/20\/60-retour-sur-le-centenaire-de-la-grande-guerre-avec-laurent-veyssiere\/\" class=\"more-link\">Continue reading<span class=\"screen-reader-text\"> &#8220;60. Retour sur le centenaire de la Grande Guerre, avec Laurent Veyssi\u00e8re&#8221;<\/span><\/a><\/p>\n","protected":false},"author":1,"featured_media":0,"comment_status":"open","ping_status":"open","sticky":false,"template":"","format":"standard","meta":{"footnotes":""},"categories":[48],"tags":[18,109,14],"class_list":["post-579","post","type-post","status-publish","format-standard","hentry","category-evenement","tag-1e-guerre-mondiale","tag-commemoration","tag-memoire"],"_links":{"self":[{"href":"https:\/\/parolesdhistoire.fr\/index.php\/wp-json\/wp\/v2\/posts\/579","targetHints":{"allow":["GET"]}}],"collection":[{"href":"https:\/\/parolesdhistoire.fr\/index.php\/wp-json\/wp\/v2\/posts"}],"about":[{"href":"https:\/\/parolesdhistoire.fr\/index.php\/wp-json\/wp\/v2\/types\/post"}],"author":[{"embeddable":true,"href":"https:\/\/parolesdhistoire.fr\/index.php\/wp-json\/wp\/v2\/users\/1"}],"replies":[{"embeddable":true,"href":"https:\/\/parolesdhistoire.fr\/index.php\/wp-json\/wp\/v2\/comments?post=579"}],"version-history":[{"count":3,"href":"https:\/\/parolesdhistoire.fr\/index.php\/wp-json\/wp\/v2\/posts\/579\/revisions"}],"predecessor-version":[{"id":582,"href":"https:\/\/parolesdhistoire.fr\/index.php\/wp-json\/wp\/v2\/posts\/579\/revisions\/582"}],"wp:attachment":[{"href":"https:\/\/parolesdhistoire.fr\/index.php\/wp-json\/wp\/v2\/media?parent=579"}],"wp:term":[{"taxonomy":"category","embeddable":true,"href":"https:\/\/parolesdhistoire.fr\/index.php\/wp-json\/wp\/v2\/categories?post=579"},{"taxonomy":"post_tag","embeddable":true,"href":"https:\/\/parolesdhistoire.fr\/index.php\/wp-json\/wp\/v2\/tags?post=579"}],"curies":[{"name":"wp","href":"https:\/\/api.w.org\/{rel}","templated":true}]}}