{"id":589,"date":"2019-06-26T03:12:50","date_gmt":"2019-06-26T01:12:50","guid":{"rendered":"http:\/\/parolesdhistoire.fr\/?p=589"},"modified":"2019-06-25T11:34:06","modified_gmt":"2019-06-25T09:34:06","slug":"62-la-construction-des-nations-au-xixe-siecle-avec-pierre-marie-delpu","status":"publish","type":"post","link":"https:\/\/parolesdhistoire.fr\/index.php\/2019\/06\/26\/62-la-construction-des-nations-au-xixe-siecle-avec-pierre-marie-delpu\/","title":{"rendered":"62. La construction des nations au XIXe si\u00e8cle, avec Pierre-Marie Delpu"},"content":{"rendered":"<iframe loading=\"lazy\" src=\"https:\/\/player.blubrry.com\/?media_url=https%3A%2F%2Fmedia.blubrry.com%2Fparolesdhistoire%2Fcontent.blubrry.com%2Fparolesdhistoire%2F62._La_construction_des_nations_au_XIXe_si_cle_avec_Pierre-Marie_Delpu.mp3&amp;modern=1&amp;podcast_link=https%3A%2F%2Fparolesdhistoire.fr%2Findex.php%2F2019%2F06%2F26%2F62-la-construction-des-nations-au-xixe-siecle-avec-pierre-marie-delpu%2F#mode-Light&border-000000&progress-000000\" scrolling=\"no\" width=\"100%\" height=\"165\" frameborder=\"0\" id=\"blubrryplayer-1\" class=\"blubrryplayer\" title=\"Blubrry Podcast Player\"><\/iframe><p class=\"powerpress_links powerpress_links_mp3\" style=\"margin-bottom: 1px !important;\">Podcast: <a href=\"https:\/\/media.blubrry.com\/parolesdhistoire\/content.blubrry.com\/parolesdhistoire\/62._La_construction_des_nations_au_XIXe_si_cle_avec_Pierre-Marie_Delpu.mp3\" class=\"powerpress_link_pinw\" target=\"_blank\" title=\"Play in new window\" onclick=\"return powerpress_pinw('https:\/\/parolesdhistoire.fr\/?powerpress_pinw=589-podcast');\" rel=\"nofollow\">Play in new window<\/a> | <a href=\"https:\/\/media.blubrry.com\/parolesdhistoire\/content.blubrry.com\/parolesdhistoire\/62._La_construction_des_nations_au_XIXe_si_cle_avec_Pierre-Marie_Delpu.mp3\" class=\"powerpress_link_d\" title=\"Download\" rel=\"nofollow\" download=\"62._La_construction_des_nations_au_XIXe_si_cle_avec_Pierre-Marie_Delpu.mp3\">Download<\/a><\/p><p class=\"powerpress_links powerpress_subscribe_links\">S'abonner :  <a href=\"https:\/\/itunes.apple.com\/fr\/podcast\/paroles-dhistoire\/id1376002842?l=en&amp;mt=2&amp;ls=1#episodeGuid=http%3A%2F%2Fparolesdhistoire.fr%2F%3Fp%3D589\" class=\"powerpress_link_subscribe powerpress_link_subscribe_itunes\" target=\"_blank\" title=\"Subscribe on Apple Podcasts\" rel=\"nofollow\">Apple Podcasts<\/a> | <a href=\"https:\/\/open.spotify.com\/show\/57zBA3htpYUB4MJNhhlDnn\" class=\"powerpress_link_subscribe powerpress_link_subscribe_spotify\" target=\"_blank\" title=\"Subscribe on Spotify\" rel=\"nofollow\">Spotify<\/a> | <a href=\"https:\/\/subscribeonandroid.com\/feeds.audiomeans.fr\/feed\/c3e6abea-2254-416a-b8ef-0619098d0e45.xml\" class=\"powerpress_link_subscribe powerpress_link_subscribe_android\" target=\"_blank\" title=\"Subscribe on Android\" rel=\"nofollow\">Android<\/a> | <a href=\"https:\/\/www.deezer.com\/en\/show\/1000680512\" class=\"powerpress_link_subscribe powerpress_link_subscribe_deezer\" target=\"_blank\" title=\"Subscribe on Deezer\" rel=\"nofollow\">Deezer<\/a> | <a href=\"https:\/\/feeds.audiomeans.fr\/feed\/c3e6abea-2254-416a-b8ef-0619098d0e45.xml\" class=\"powerpress_link_subscribe powerpress_link_subscribe_rss\" target=\"_blank\" title=\"Subscribe via RSS\" rel=\"nofollow\">RSS<\/a> | <a href=\"https:\/\/parolesdhistoire.fr\/index.php\/sabonner\/\" class=\"powerpress_link_subscribe powerpress_link_subscribe_more\" target=\"_blank\" title=\"More\" rel=\"nofollow\">More<\/a><\/p><p><strong>L&#8217;invit\u00e9:<\/strong> Pierre-Marie Delpu,<a href=\"https:\/\/telemme.mmsh.univ-aix.fr\/membres\/Pierre-Marie_Delpu\"> chercheur au laboratoire Telemme<\/a><\/p>\n<p><a href=\"http:\/\/parolesdhistoire.fr\/wp-content\/uploads\/2019\/06\/D92S5UtW4AAgLYq.jpg\"><img loading=\"lazy\" decoding=\"async\" class=\"aligncenter size-medium wp-image-596\" src=\"http:\/\/parolesdhistoire.fr\/wp-content\/uploads\/2019\/06\/D92S5UtW4AAgLYq-197x300.jpg\" alt=\"\" width=\"197\" height=\"300\" srcset=\"https:\/\/parolesdhistoire.fr\/wp-content\/uploads\/2019\/06\/D92S5UtW4AAgLYq-197x300.jpg 197w, https:\/\/parolesdhistoire.fr\/wp-content\/uploads\/2019\/06\/D92S5UtW4AAgLYq-768x1167.jpg 768w, https:\/\/parolesdhistoire.fr\/wp-content\/uploads\/2019\/06\/D92S5UtW4AAgLYq-674x1024.jpg 674w, https:\/\/parolesdhistoire.fr\/wp-content\/uploads\/2019\/06\/D92S5UtW4AAgLYq.jpg 789w\" sizes=\"auto, (max-width: 197px) 85vw, 197px\" \/><\/a><strong>Le th\u00e8me:<\/strong> L&#8217;Europe entre restauration et r\u00e9volution \/ La France et la construction de nouveaux \u00c9tats par la guerre et la diplomatie (programmes de Premi\u00e8re 2019), \u00e0 travers le chapitre dans le livre d&#8217;historiographie dirig\u00e9 par S\u00e9bastien Cote et Emmanuelle Picard.<\/p>\n<p><strong>La discussion\u00a0:<\/strong><\/p>\n<ul>\n<li>Quelles r\u00e9actions d\u2019un historien du XIXe si\u00e8cle \u00e0 ces nouveaux programmes, assez franco-centr\u00e9s ? (1&#8242;)<\/li>\n<li>Le vocabulaire de la \u00ab nation \u00bb et du \u00ab nationalisme \u00bb au XIXe si\u00e8cle (4&#8217;15)<\/li>\n<li>Le passage d\u2019une conception historiographique de \u00ab l\u2019\u00e9veil \u00bb des nationalit\u00e9s \u00e0 la \u00ab construction \u00bb des nations, \u00e0 travers l\u2019exemple du \u00ab Risorgimento \u00bb (6&#8217;30)<\/li>\n<li>Les d\u00e9saccords et conflits au sein de chaque projet national (mod\u00e8le monarchique, f\u00e9d\u00e9ratif, r\u00e9publicain\u2026) (9&#8242;)<\/li>\n<li>L\u2019importance paradoxale des circulations transnationales pour construire les projets nationaux au premier XIXe si\u00e8cle, avec la Gr\u00e8ce pour \u00ab laboratoire \u00bb (11&#8217;30)<\/li>\n<li>Les exp\u00e9riences militaires napol\u00e9oniennes r\u00e9investies dans les luttes lib\u00e9rales dans les ann\u00e9es 1820 (15&#8217;20)<\/li>\n<li>La question polonaise, grande cause nationale et lib\u00e9rale au XIXe si\u00e8cle, qui conduit aussi \u00e0 relativiser le r\u00f4le initiateur de la France dans les r\u00e9volutions europ\u00e9ennes (18&#8217;20)<\/li>\n<li>R\u00e9inscrire la question nationale dans une longue dur\u00e9e, \u00e0 travers le \u00ab long Risorgimento \u00bb par exemple (22&#8217;30)<\/li>\n<li>Le rattachement de la Savoie \u00e0 la France, \u00ab point de passage et d\u2019ouverture \u00bb du programme de Premi\u00e8re (25&#8242;)<\/li>\n<li>Difficult\u00e9s, inach\u00e8vement, r\u00e9sistances \u00e0 la construction nationale, \u00e0 travers notamment l\u2019exemple des mafias en Italie m\u00e9ridionale (28&#8217;30)<\/li>\n<li>Bismarck et sa conception de la nation allemande (32&#8217;10)<\/li>\n<li>L\u2019int\u00e9r\u00eat pour les coll\u00e8gues d\u2019utiliser l\u2019iconographie au moment o\u00f9 les images jouent un r\u00f4le majeur dans l\u2019acculturation politique et nationale des populations (35&#8217;30)<\/li>\n<\/ul>\n<p><strong>Les r\u00e9f\u00e9rences cit\u00e9es dans le podcast\u00a0:<\/strong><\/p>\n<p>&#8211; Benedict Anderson, <em>L\u2019imaginaire national. R\u00e9flexions sur l&#8217;origine et l&#8217;essor du nationalisme<\/em>, Paris, La D\u00e9couverte, 1996 [1983].<br \/>\n&#8211; Walter Bruy\u00e8re-Ostells, <em>La grande arm\u00e9e de la libert\u00e9<\/em>, Paris, Tallandier, 2009<br \/>\n&#8211; Olivier Grenouilleau, <em>Nos petites patries. Identit\u00e9s r\u00e9gionales et \u00c9tat central, en France, des origines \u00e0 nos jours<\/em>, Paris, Gallimard, \u00ab\u00a0Biblioth\u00e8que des histoires\u00a0\u00bb, 2019.<br \/>\n&#8211; Sandrine Kott, <em>Bismarck<\/em>, Paris, Presses de la Fondation nationale des Sciences politiques, collection \u00ab Facettes \u00bb, 2003<br \/>\n&#8211; Anne-Marie Thiesse, <em>La cr\u00e9ation des identit\u00e9s nationales. Europe, XVIIIe-XXe si\u00e8cle<\/em>, Paris, Seuil, 1999<\/p>\n","protected":false},"excerpt":{"rendered":"<p>L&#8217;invit\u00e9: Pierre-Marie Delpu, chercheur au laboratoire Telemme Le th\u00e8me: L&#8217;Europe entre restauration et r\u00e9volution \/ La France et la construction de nouveaux \u00c9tats par la guerre et la diplomatie (programmes de Premi\u00e8re 2019), \u00e0 travers le chapitre dans le livre d&#8217;historiographie dirig\u00e9 par S\u00e9bastien Cote et Emmanuelle Picard. La discussion\u00a0: Quelles r\u00e9actions d\u2019un historien du &hellip; <a href=\"https:\/\/parolesdhistoire.fr\/index.php\/2019\/06\/26\/62-la-construction-des-nations-au-xixe-siecle-avec-pierre-marie-delpu\/\" class=\"more-link\">Continue reading<span class=\"screen-reader-text\"> &#8220;62. La construction des nations au XIXe si\u00e8cle, avec Pierre-Marie Delpu&#8221;<\/span><\/a><\/p>\n","protected":false},"author":1,"featured_media":0,"comment_status":"open","ping_status":"open","sticky":false,"template":"","format":"standard","meta":{"footnotes":""},"categories":[4],"tags":[61,5,76,114,115,34],"class_list":["post-589","post","type-post","status-publish","format-standard","hentry","category-parution","tag-allemagne","tag-contempo","tag-italie","tag-nation","tag-politisation","tag-xixe"],"_links":{"self":[{"href":"https:\/\/parolesdhistoire.fr\/index.php\/wp-json\/wp\/v2\/posts\/589","targetHints":{"allow":["GET"]}}],"collection":[{"href":"https:\/\/parolesdhistoire.fr\/index.php\/wp-json\/wp\/v2\/posts"}],"about":[{"href":"https:\/\/parolesdhistoire.fr\/index.php\/wp-json\/wp\/v2\/types\/post"}],"author":[{"embeddable":true,"href":"https:\/\/parolesdhistoire.fr\/index.php\/wp-json\/wp\/v2\/users\/1"}],"replies":[{"embeddable":true,"href":"https:\/\/parolesdhistoire.fr\/index.php\/wp-json\/wp\/v2\/comments?post=589"}],"version-history":[{"count":7,"href":"https:\/\/parolesdhistoire.fr\/index.php\/wp-json\/wp\/v2\/posts\/589\/revisions"}],"predecessor-version":[{"id":600,"href":"https:\/\/parolesdhistoire.fr\/index.php\/wp-json\/wp\/v2\/posts\/589\/revisions\/600"}],"wp:attachment":[{"href":"https:\/\/parolesdhistoire.fr\/index.php\/wp-json\/wp\/v2\/media?parent=589"}],"wp:term":[{"taxonomy":"category","embeddable":true,"href":"https:\/\/parolesdhistoire.fr\/index.php\/wp-json\/wp\/v2\/categories?post=589"},{"taxonomy":"post_tag","embeddable":true,"href":"https:\/\/parolesdhistoire.fr\/index.php\/wp-json\/wp\/v2\/tags?post=589"}],"curies":[{"name":"wp","href":"https:\/\/api.w.org\/{rel}","templated":true}]}}