{"id":774,"date":"2019-12-04T03:29:09","date_gmt":"2019-12-04T02:29:09","guid":{"rendered":"http:\/\/parolesdhistoire.fr\/?p=774"},"modified":"2019-12-01T15:34:38","modified_gmt":"2019-12-01T14:34:38","slug":"83-polices-politiques-du-bloc-de-lest-avec-emmanuel-droit","status":"publish","type":"post","link":"https:\/\/parolesdhistoire.fr\/index.php\/2019\/12\/04\/83-polices-politiques-du-bloc-de-lest-avec-emmanuel-droit\/","title":{"rendered":"83. Polices politiques du bloc de l&#8217;est, avec Emmanuel Droit"},"content":{"rendered":"<iframe loading=\"lazy\" src=\"https:\/\/player.blubrry.com\/?media_url=https%3A%2F%2Fmedia.blubrry.com%2Fparolesdhistoire%2Fcontent.blubrry.com%2Fparolesdhistoire%2Fdroit._policespolitiques.mp3&amp;modern=1&amp;podcast_link=https%3A%2F%2Fparolesdhistoire.fr%2Findex.php%2F2019%2F12%2F04%2F83-polices-politiques-du-bloc-de-lest-avec-emmanuel-droit%2F#mode-Light&border-000000&progress-000000\" scrolling=\"no\" width=\"100%\" height=\"165\" frameborder=\"0\" id=\"blubrryplayer-1\" class=\"blubrryplayer\" title=\"Blubrry Podcast Player\"><\/iframe><p class=\"powerpress_links powerpress_links_mp3\" style=\"margin-bottom: 1px !important;\">Podcast: <a href=\"https:\/\/media.blubrry.com\/parolesdhistoire\/content.blubrry.com\/parolesdhistoire\/droit._policespolitiques.mp3\" class=\"powerpress_link_pinw\" target=\"_blank\" title=\"Play in new window\" onclick=\"return powerpress_pinw('https:\/\/parolesdhistoire.fr\/?powerpress_pinw=774-podcast');\" rel=\"nofollow\">Play in new window<\/a> | <a href=\"https:\/\/media.blubrry.com\/parolesdhistoire\/content.blubrry.com\/parolesdhistoire\/droit._policespolitiques.mp3\" class=\"powerpress_link_d\" title=\"Download\" rel=\"nofollow\" download=\"droit._policespolitiques.mp3\">Download<\/a><\/p><p class=\"powerpress_links powerpress_subscribe_links\">S'abonner :  <a href=\"https:\/\/itunes.apple.com\/fr\/podcast\/paroles-dhistoire\/id1376002842?l=en&amp;mt=2&amp;ls=1#episodeGuid=http%3A%2F%2Fparolesdhistoire.fr%2F%3Fp%3D774\" class=\"powerpress_link_subscribe powerpress_link_subscribe_itunes\" target=\"_blank\" title=\"Subscribe on Apple Podcasts\" rel=\"nofollow\">Apple Podcasts<\/a> | <a href=\"https:\/\/open.spotify.com\/show\/57zBA3htpYUB4MJNhhlDnn\" class=\"powerpress_link_subscribe powerpress_link_subscribe_spotify\" target=\"_blank\" title=\"Subscribe on Spotify\" rel=\"nofollow\">Spotify<\/a> | <a href=\"https:\/\/subscribeonandroid.com\/feeds.audiomeans.fr\/feed\/c3e6abea-2254-416a-b8ef-0619098d0e45.xml\" class=\"powerpress_link_subscribe powerpress_link_subscribe_android\" target=\"_blank\" title=\"Subscribe on Android\" rel=\"nofollow\">Android<\/a> | <a href=\"https:\/\/www.deezer.com\/en\/show\/1000680512\" class=\"powerpress_link_subscribe powerpress_link_subscribe_deezer\" target=\"_blank\" title=\"Subscribe on Deezer\" rel=\"nofollow\">Deezer<\/a> | <a href=\"https:\/\/feeds.audiomeans.fr\/feed\/c3e6abea-2254-416a-b8ef-0619098d0e45.xml\" class=\"powerpress_link_subscribe powerpress_link_subscribe_rss\" target=\"_blank\" title=\"Subscribe via RSS\" rel=\"nofollow\">RSS<\/a> | <a href=\"https:\/\/parolesdhistoire.fr\/index.php\/sabonner\/\" class=\"powerpress_link_subscribe powerpress_link_subscribe_more\" target=\"_blank\" title=\"More\" rel=\"nofollow\">More<\/a><\/p><p><strong>L\u2019invit\u00e9\u00a0:<\/strong> Emmanuel Droit, professeur d\u2019histoire \u00e0 Sciences Po Strasbourg<\/p>\n<p><a href=\"http:\/\/parolesdhistoire.fr\/wp-content\/uploads\/2019\/12\/9782072828478_1_75.jpg\"><img loading=\"lazy\" decoding=\"async\" class=\"aligncenter size-full wp-image-776\" src=\"http:\/\/parolesdhistoire.fr\/wp-content\/uploads\/2019\/12\/9782072828478_1_75.jpg\" alt=\"\" width=\"600\" height=\"936\" srcset=\"https:\/\/parolesdhistoire.fr\/wp-content\/uploads\/2019\/12\/9782072828478_1_75.jpg 600w, https:\/\/parolesdhistoire.fr\/wp-content\/uploads\/2019\/12\/9782072828478_1_75-192x300.jpg 192w\" sizes=\"auto, (max-width: 709px) 85vw, (max-width: 909px) 67vw, (max-width: 984px) 61vw, (max-width: 1362px) 45vw, 600px\" \/><\/a><strong>Le livre\u00a0:<\/strong> <em>Les polices politiques du bloc de l\u2019est, \u00e0 la recherche de l\u2019internationale tch\u00e9kiste 1955-1989<\/em>, Paris, Gallimard, 2019.<\/p>\n<p><strong>La discussion\u00a0:<\/strong><\/p>\n<ul>\n<li>Le projet de r\u00e9aliser une histoire transnationale des polices politiques du bloc de l\u2019est (1\u201945)<\/li>\n<li>Les lacunes documentaires li\u00e9es aux destructions d\u2019archives (4\u2019)<\/li>\n<li>Les d\u00e9fis pratiques de l\u2019histoire transnationale\u00a0: apprendre la langue polonaise pour lire les sources\u00a0! (5\u201930)<\/li>\n<li>Le travail sp\u00e9cifique sur des sources bureaucratiques \u00e0 la fois arides et r\u00e9v\u00e9latrices (8\u2019)<\/li>\n<li>La notion de \u00ab\u00a0bloc de l\u2019est\u00a0\u00bb qu\u2019il faut en partie questionner, ou d\u00e9construire (10\u2019)<\/li>\n<li>La Tch\u00e9ka, n\u00e9e en 1917, et r\u00e9f\u00e9rence mobilis\u00e9e dans les ann\u00e9es 1950 afin notamment de mettre \u00e0 distance les politiques r\u00e9pressives staliniennes (11\u201940)<\/li>\n<li>La mise en place des polices politiques en Europe de l\u2019est apr\u00e8s 1945, de fa\u00e7on diff\u00e9renci\u00e9e suivant les pays<\/li>\n<li>L\u2019image du tch\u00e9kiste, parfait communiste<\/li>\n<li>L\u2019articulation entre dimensions socialiste, polici\u00e8re et patriotique de leur identit\u00e9 (20\u2019)<\/li>\n<li>Le tournant de la fin des ann\u00e9es 1960, apr\u00e8s le Printemps de Prague et avec la hausse des voyages au sein du bloc de l\u2019est (22\u201930)<\/li>\n<li>Une p\u00e9riode qui remet en question l\u2019image d\u2019immobilisme ou de stagnation \u00e0 l\u2019est dans les ann\u00e9es 1970, si l\u2019on essaie de penser les futurs non advenus et de ne pas raconter l\u2019histoire par la fin (26\u2019)<\/li>\n<li>L\u2019exportation des pratiques polici\u00e8res dans le Tiers-Monde, au temps de la guerre froide globale\u00a0: Cuba, Nicaragua, Yemen\u2026 (28\u201930)<\/li>\n<li>Le d\u00e9fi du terrorisme international dans les ann\u00e9es 1970, et l\u2019ambigu\u00eft\u00e9 des pays de l\u2019est \u00e0 son \u00e9gard (31\u2019)<\/li>\n<li>La tension dans la pratique tch\u00e9kiste entre le secret et l\u2019affichage (33\u2019)<\/li>\n<li>Le foss\u00e9 m\u00e9moriel entre Russie et Europe de l\u2019est sur a question (35\u2019)<\/li>\n<li>Comment penser le pass\u00e9 de la RDA aujourd\u2019hui, sans nostalgie ni simplifications faisant de la Stasi la seule composante de cette exp\u00e9rience\u00a0? (38\u201930)<\/li>\n<\/ul>\n<p><strong>Le conseil de lecture\u00a0:<\/strong> Chris Kraus, <em>La fabrique des salauds<\/em>. Trad. de l\u2019allemand par Rose Labourie. Belfond, 2019.<\/p>\n","protected":false},"excerpt":{"rendered":"<p>L\u2019invit\u00e9\u00a0: Emmanuel Droit, professeur d\u2019histoire \u00e0 Sciences Po Strasbourg Le livre\u00a0: Les polices politiques du bloc de l\u2019est, \u00e0 la recherche de l\u2019internationale tch\u00e9kiste 1955-1989, Paris, Gallimard, 2019. La discussion\u00a0: Le projet de r\u00e9aliser une histoire transnationale des polices politiques du bloc de l\u2019est (1\u201945) Les lacunes documentaires li\u00e9es aux destructions d\u2019archives (4\u2019) Les d\u00e9fis &hellip; <a href=\"https:\/\/parolesdhistoire.fr\/index.php\/2019\/12\/04\/83-polices-politiques-du-bloc-de-lest-avec-emmanuel-droit\/\" class=\"more-link\">Continue reading<span class=\"screen-reader-text\"> &#8220;83. Polices politiques du bloc de l&#8217;est, avec Emmanuel Droit&#8221;<\/span><\/a><\/p>\n","protected":false},"author":1,"featured_media":0,"comment_status":"open","ping_status":"open","sticky":false,"template":"","format":"standard","meta":{"footnotes":""},"categories":[1],"tags":[60,5,13,155,23,156,157],"class_list":["post-774","post","type-post","status-publish","format-standard","hentry","category-non-classe","tag-communisme","tag-contempo","tag-histoire-politique","tag-rda","tag-russie-urss","tag-stalinisme","tag-terorrisme"],"_links":{"self":[{"href":"https:\/\/parolesdhistoire.fr\/index.php\/wp-json\/wp\/v2\/posts\/774","targetHints":{"allow":["GET"]}}],"collection":[{"href":"https:\/\/parolesdhistoire.fr\/index.php\/wp-json\/wp\/v2\/posts"}],"about":[{"href":"https:\/\/parolesdhistoire.fr\/index.php\/wp-json\/wp\/v2\/types\/post"}],"author":[{"embeddable":true,"href":"https:\/\/parolesdhistoire.fr\/index.php\/wp-json\/wp\/v2\/users\/1"}],"replies":[{"embeddable":true,"href":"https:\/\/parolesdhistoire.fr\/index.php\/wp-json\/wp\/v2\/comments?post=774"}],"version-history":[{"count":3,"href":"https:\/\/parolesdhistoire.fr\/index.php\/wp-json\/wp\/v2\/posts\/774\/revisions"}],"predecessor-version":[{"id":778,"href":"https:\/\/parolesdhistoire.fr\/index.php\/wp-json\/wp\/v2\/posts\/774\/revisions\/778"}],"wp:attachment":[{"href":"https:\/\/parolesdhistoire.fr\/index.php\/wp-json\/wp\/v2\/media?parent=774"}],"wp:term":[{"taxonomy":"category","embeddable":true,"href":"https:\/\/parolesdhistoire.fr\/index.php\/wp-json\/wp\/v2\/categories?post=774"},{"taxonomy":"post_tag","embeddable":true,"href":"https:\/\/parolesdhistoire.fr\/index.php\/wp-json\/wp\/v2\/tags?post=774"}],"curies":[{"name":"wp","href":"https:\/\/api.w.org\/{rel}","templated":true}]}}