{"id":795,"date":"2019-12-21T04:45:15","date_gmt":"2019-12-21T03:45:15","guid":{"rendered":"http:\/\/parolesdhistoire.fr\/?p=795"},"modified":"2019-12-20T16:28:24","modified_gmt":"2019-12-20T15:28:24","slug":"86-esclavage-et-revolution-avec-emmanuel-fureix-romy-sanchez-et-ary-gordien","status":"publish","type":"post","link":"https:\/\/parolesdhistoire.fr\/index.php\/2019\/12\/21\/86-esclavage-et-revolution-avec-emmanuel-fureix-romy-sanchez-et-ary-gordien\/","title":{"rendered":"86. Esclavage et r\u00e9volution, avec Emmanuel Fureix, Romy Sanchez et Ary Gordien"},"content":{"rendered":"<iframe loading=\"lazy\" src=\"https:\/\/player.blubrry.com\/?media_url=https%3A%2F%2Fmedia.blubrry.com%2Fparolesdhistoire%2Fcontent.blubrry.com%2Fparolesdhistoire%2Fesclavage_revolutions.mp3&amp;modern=1&amp;podcast_link=https%3A%2F%2Fparolesdhistoire.fr%2Findex.php%2F2019%2F12%2F21%2F86-esclavage-et-revolution-avec-emmanuel-fureix-romy-sanchez-et-ary-gordien%2F#mode-Light&border-000000&progress-000000\" scrolling=\"no\" width=\"100%\" height=\"165\" frameborder=\"0\" id=\"blubrryplayer-1\" class=\"blubrryplayer\" title=\"Blubrry Podcast Player\"><\/iframe><p class=\"powerpress_links powerpress_links_mp3\" style=\"margin-bottom: 1px !important;\">Podcast: <a href=\"https:\/\/media.blubrry.com\/parolesdhistoire\/content.blubrry.com\/parolesdhistoire\/esclavage_revolutions.mp3\" class=\"powerpress_link_pinw\" target=\"_blank\" title=\"Play in new window\" onclick=\"return powerpress_pinw('https:\/\/parolesdhistoire.fr\/?powerpress_pinw=795-podcast');\" rel=\"nofollow\">Play in new window<\/a> | <a href=\"https:\/\/media.blubrry.com\/parolesdhistoire\/content.blubrry.com\/parolesdhistoire\/esclavage_revolutions.mp3\" class=\"powerpress_link_d\" title=\"Download\" rel=\"nofollow\" download=\"esclavage_revolutions.mp3\">Download<\/a><\/p><p class=\"powerpress_links powerpress_subscribe_links\">S'abonner :  <a href=\"https:\/\/itunes.apple.com\/fr\/podcast\/paroles-dhistoire\/id1376002842?l=en&amp;mt=2&amp;ls=1#episodeGuid=http%3A%2F%2Fparolesdhistoire.fr%2F%3Fp%3D795\" class=\"powerpress_link_subscribe powerpress_link_subscribe_itunes\" target=\"_blank\" title=\"Subscribe on Apple Podcasts\" rel=\"nofollow\">Apple Podcasts<\/a> | <a href=\"https:\/\/open.spotify.com\/show\/57zBA3htpYUB4MJNhhlDnn\" class=\"powerpress_link_subscribe powerpress_link_subscribe_spotify\" target=\"_blank\" title=\"Subscribe on Spotify\" rel=\"nofollow\">Spotify<\/a> | <a href=\"https:\/\/subscribeonandroid.com\/feeds.audiomeans.fr\/feed\/c3e6abea-2254-416a-b8ef-0619098d0e45.xml\" class=\"powerpress_link_subscribe powerpress_link_subscribe_android\" target=\"_blank\" title=\"Subscribe on Android\" rel=\"nofollow\">Android<\/a> | <a href=\"https:\/\/www.deezer.com\/en\/show\/1000680512\" class=\"powerpress_link_subscribe powerpress_link_subscribe_deezer\" target=\"_blank\" title=\"Subscribe on Deezer\" rel=\"nofollow\">Deezer<\/a> | <a href=\"https:\/\/feeds.audiomeans.fr\/feed\/c3e6abea-2254-416a-b8ef-0619098d0e45.xml\" class=\"powerpress_link_subscribe powerpress_link_subscribe_rss\" target=\"_blank\" title=\"Subscribe via RSS\" rel=\"nofollow\">RSS<\/a> | <a href=\"https:\/\/parolesdhistoire.fr\/index.php\/sabonner\/\" class=\"powerpress_link_subscribe powerpress_link_subscribe_more\" target=\"_blank\" title=\"More\" rel=\"nofollow\">More<\/a><\/p><p><strong>Les intervenants:<\/strong><\/p>\n<ul>\n<li>Emmanuel Fureix, professeur \u00e0 l\u2019Universit\u00e9 Paris-est Cr\u00e9teil<\/li>\n<li>Romy Sanchez, docteure en histoire<\/li>\n<li>Ary Gordien, docteur en anthropologie, Charg\u00e9 de recherches \u00e0 l&#8217;Universit\u00e9 de Paris\/LARCA<\/li>\n<li>Avec une contribution de Myriam Cottias, directrice de recherche au CNRS<\/li>\n<\/ul>\n<p><strong>Le d\u00e9bat:<\/strong> Esclavage et r\u00e9volution, seconde s\u00e9ance des \u201c<a href=\"https:\/\/histoire19.hypotheses.org\/category\/universite-populaire\/les-mardis-des-revolutions\">mercredis des r\u00e9volutions<\/a>\u201c, universit\u00e9 populaire organis\u00e9e \u00e0 la mairie du XVIIIe arrondissement par la Soci\u00e9t\u00e9 d\u2019histoire de la r\u00e9volution de 1848, en partenariat avec \u201cParoles d\u2019histoire\u201d.<\/p>\n","protected":false},"excerpt":{"rendered":"<p>Les intervenants: Emmanuel Fureix, professeur \u00e0 l\u2019Universit\u00e9 Paris-est Cr\u00e9teil Romy Sanchez, docteure en histoire Ary Gordien, docteur en anthropologie, Charg\u00e9 de recherches \u00e0 l&#8217;Universit\u00e9 de Paris\/LARCA Avec une contribution de Myriam Cottias, directrice de recherche au CNRS Le d\u00e9bat: Esclavage et r\u00e9volution, seconde s\u00e9ance des \u201cmercredis des r\u00e9volutions\u201c, universit\u00e9 populaire organis\u00e9e \u00e0 la mairie du &hellip; <a href=\"https:\/\/parolesdhistoire.fr\/index.php\/2019\/12\/21\/86-esclavage-et-revolution-avec-emmanuel-fureix-romy-sanchez-et-ary-gordien\/\" class=\"more-link\">Continue reading<span class=\"screen-reader-text\"> &#8220;86. Esclavage et r\u00e9volution, avec Emmanuel Fureix, Romy Sanchez et Ary Gordien&#8221;<\/span><\/a><\/p>\n","protected":false},"author":1,"featured_media":0,"comment_status":"open","ping_status":"open","sticky":false,"template":"","format":"standard","meta":{"footnotes":""},"categories":[152],"tags":[118,58,158,154],"class_list":["post-795","post","type-post","status-publish","format-standard","hentry","category-conference","tag-ameriques","tag-esclavage","tag-republique","tag-revolution"],"_links":{"self":[{"href":"https:\/\/parolesdhistoire.fr\/index.php\/wp-json\/wp\/v2\/posts\/795","targetHints":{"allow":["GET"]}}],"collection":[{"href":"https:\/\/parolesdhistoire.fr\/index.php\/wp-json\/wp\/v2\/posts"}],"about":[{"href":"https:\/\/parolesdhistoire.fr\/index.php\/wp-json\/wp\/v2\/types\/post"}],"author":[{"embeddable":true,"href":"https:\/\/parolesdhistoire.fr\/index.php\/wp-json\/wp\/v2\/users\/1"}],"replies":[{"embeddable":true,"href":"https:\/\/parolesdhistoire.fr\/index.php\/wp-json\/wp\/v2\/comments?post=795"}],"version-history":[{"count":3,"href":"https:\/\/parolesdhistoire.fr\/index.php\/wp-json\/wp\/v2\/posts\/795\/revisions"}],"predecessor-version":[{"id":798,"href":"https:\/\/parolesdhistoire.fr\/index.php\/wp-json\/wp\/v2\/posts\/795\/revisions\/798"}],"wp:attachment":[{"href":"https:\/\/parolesdhistoire.fr\/index.php\/wp-json\/wp\/v2\/media?parent=795"}],"wp:term":[{"taxonomy":"category","embeddable":true,"href":"https:\/\/parolesdhistoire.fr\/index.php\/wp-json\/wp\/v2\/categories?post=795"},{"taxonomy":"post_tag","embeddable":true,"href":"https:\/\/parolesdhistoire.fr\/index.php\/wp-json\/wp\/v2\/tags?post=795"}],"curies":[{"name":"wp","href":"https:\/\/api.w.org\/{rel}","templated":true}]}}