{"id":800,"date":"2020-01-29T04:34:31","date_gmt":"2020-01-29T03:34:31","guid":{"rendered":"http:\/\/parolesdhistoire.fr\/?p=800"},"modified":"2020-01-29T14:02:40","modified_gmt":"2020-01-29T13:02:40","slug":"87-autour-de-jean-delumeau-avec-guillaume-cuchet-et-isabelle-poutrin","status":"publish","type":"post","link":"https:\/\/parolesdhistoire.fr\/index.php\/2020\/01\/29\/87-autour-de-jean-delumeau-avec-guillaume-cuchet-et-isabelle-poutrin\/","title":{"rendered":"87. Autour de Jean Delumeau, avec Guillaume Cuchet et Isabelle Poutrin"},"content":{"rendered":"<iframe loading=\"lazy\" src=\"https:\/\/player.blubrry.com\/?media_url=https%3A%2F%2Fmedia.blubrry.com%2Fparolesdhistoire%2Fcontent.blubrry.com%2Fparolesdhistoire%2F87_delumeau.mp3&amp;modern=1&amp;podcast_link=https%3A%2F%2Fparolesdhistoire.fr%2Findex.php%2F2020%2F01%2F29%2F87-autour-de-jean-delumeau-avec-guillaume-cuchet-et-isabelle-poutrin%2F#mode-Light&border-000000&progress-000000\" scrolling=\"no\" width=\"100%\" height=\"165\" frameborder=\"0\" id=\"blubrryplayer-1\" class=\"blubrryplayer\" title=\"Blubrry Podcast Player\"><\/iframe><p class=\"powerpress_links powerpress_links_mp3\" style=\"margin-bottom: 1px !important;\">Podcast: <a href=\"https:\/\/media.blubrry.com\/parolesdhistoire\/content.blubrry.com\/parolesdhistoire\/87_delumeau.mp3\" class=\"powerpress_link_pinw\" target=\"_blank\" title=\"Play in new window\" onclick=\"return powerpress_pinw('https:\/\/parolesdhistoire.fr\/?powerpress_pinw=800-podcast');\" rel=\"nofollow\">Play in new window<\/a> | <a href=\"https:\/\/media.blubrry.com\/parolesdhistoire\/content.blubrry.com\/parolesdhistoire\/87_delumeau.mp3\" class=\"powerpress_link_d\" title=\"Download\" rel=\"nofollow\" download=\"87_delumeau.mp3\">Download<\/a><\/p><p class=\"powerpress_links powerpress_subscribe_links\">S'abonner :  <a href=\"https:\/\/itunes.apple.com\/fr\/podcast\/paroles-dhistoire\/id1376002842?l=en&amp;mt=2&amp;ls=1#episodeGuid=http%3A%2F%2Fparolesdhistoire.fr%2F%3Fp%3D800\" class=\"powerpress_link_subscribe powerpress_link_subscribe_itunes\" target=\"_blank\" title=\"Subscribe on Apple Podcasts\" rel=\"nofollow\">Apple Podcasts<\/a> | <a href=\"https:\/\/open.spotify.com\/show\/57zBA3htpYUB4MJNhhlDnn\" class=\"powerpress_link_subscribe powerpress_link_subscribe_spotify\" target=\"_blank\" title=\"Subscribe on Spotify\" rel=\"nofollow\">Spotify<\/a> | <a href=\"https:\/\/subscribeonandroid.com\/feeds.audiomeans.fr\/feed\/c3e6abea-2254-416a-b8ef-0619098d0e45.xml\" class=\"powerpress_link_subscribe powerpress_link_subscribe_android\" target=\"_blank\" title=\"Subscribe on Android\" rel=\"nofollow\">Android<\/a> | <a href=\"https:\/\/www.deezer.com\/en\/show\/1000680512\" class=\"powerpress_link_subscribe powerpress_link_subscribe_deezer\" target=\"_blank\" title=\"Subscribe on Deezer\" rel=\"nofollow\">Deezer<\/a> | <a href=\"https:\/\/feeds.audiomeans.fr\/feed\/c3e6abea-2254-416a-b8ef-0619098d0e45.xml\" class=\"powerpress_link_subscribe powerpress_link_subscribe_rss\" target=\"_blank\" title=\"Subscribe via RSS\" rel=\"nofollow\">RSS<\/a> | <a href=\"https:\/\/parolesdhistoire.fr\/index.php\/sabonner\/\" class=\"powerpress_link_subscribe powerpress_link_subscribe_more\" target=\"_blank\" title=\"More\" rel=\"nofollow\">More<\/a><\/p><p><strong>Le th\u00e8me\u00a0:<\/strong> Jean Delumeau (1923-2020), son \u0153uvre et sa place dans l\u2019historiographie<\/p>\n<p><a href=\"http:\/\/parolesdhistoire.fr\/wp-content\/uploads\/2020\/01\/delumeau-ina.jpg\"><img loading=\"lazy\" decoding=\"async\" class=\"aligncenter size-medium wp-image-806\" src=\"http:\/\/parolesdhistoire.fr\/wp-content\/uploads\/2020\/01\/delumeau-ina-300x226.jpg\" alt=\"\" width=\"300\" height=\"226\" srcset=\"https:\/\/parolesdhistoire.fr\/wp-content\/uploads\/2020\/01\/delumeau-ina-300x226.jpg 300w, https:\/\/parolesdhistoire.fr\/wp-content\/uploads\/2020\/01\/delumeau-ina-768x578.jpg 768w, https:\/\/parolesdhistoire.fr\/wp-content\/uploads\/2020\/01\/delumeau-ina-1024x771.jpg 1024w, https:\/\/parolesdhistoire.fr\/wp-content\/uploads\/2020\/01\/delumeau-ina-1200x903.jpg 1200w, https:\/\/parolesdhistoire.fr\/wp-content\/uploads\/2020\/01\/delumeau-ina.jpg 1287w\" sizes=\"auto, (max-width: 300px) 85vw, 300px\" \/><\/a><em>Jean Delumeau dans &#8220;Apostrophes&#8221; en 1978<\/em><\/p>\n<p><strong>Les invit\u00e9-e-s\u00a0:<\/strong> Isabelle Poutrin, Professeure d\u2019histoire moderne \u00e0 l\u2019universit\u00e9 de Reims ; Guillaume Cuchet, Professeur d\u2019histoire contemporaine \u00e0 l\u2019universit\u00e9 de Paris-est Cr\u00e9teil.<\/p>\n<p><strong>La discussion\u00a0:<\/strong><\/p>\n<ul>\n<li>La place majeure tenue par Jean Delumeau dans l\u2019historiographie (1\u2019)<\/li>\n<li>Un parcours universitaire qui conduit \u00e0 Rome et \u00e0 l\u2019histoire moderne (4\u2019)<\/li>\n<li>\u00c0 l\u2019origine, loi du religieux, un historien de l\u2019\u00e9conomie et de la soci\u00e9t\u00e9, sur les lanc\u00e9es de Fernand Braudel (6\u2019)<\/li>\n<li><em>Extrait : Jean Delumeau et l\u2019alun de Rome (8&#8242;)<\/em><\/li>\n<li>Un historien des grands mouvements et de la longue dur\u00e9e (11\u201930)<\/li>\n<li><em>Extrait : le choix d\u2019\u00e9crire un volume de la Nouvelle Clio sur la R\u00e9forme (13&#8242;)<\/em><\/li>\n<li>Un historien soucieux d\u2019\u0153cum\u00e9nisme (15\u2019)<\/li>\n<li>Jean Delumeau participant de la construction d\u2019une l\u00e9gitimit\u00e9 de l\u2019histoire religieuse, longtemps marginale ou cl\u00e9ricale (16\u2019)<\/li>\n<li>Un historien des \u00ab\u00a0mentalit\u00e9s\u00a0\u00bb (18\u2019)<\/li>\n<li>Un talent du texte et de la citation (21\u2019)<\/li>\n<li>Comment articuler l\u2019histoire des croyances, et celles des pratiques sociales\u00a0? (25\u2019)<\/li>\n<li>Une carri\u00e8re singuli\u00e8re, au Coll\u00e8ge de France, avec des enqu\u00eates collectives (29\u2019)<\/li>\n<li><em>Extrait : la peur en occident (introduction de la 2e partie, lue par H\u00e9lo\u00efse Ch\u00e9ronnet, 28&#8217;30)<\/em><\/li>\n<li>Un historien de la peur, mais pas seulement, en lien dialectique avec une dimension rassurante de l\u2019\u00c9glise et du paradis (31\u2019)<\/li>\n<li>Des prolongements aux id\u00e9es de Delumeau, sur le \u00ab\u00a0contexte panique\u00a0\u00bb du XVIe si\u00e8cle, chez Denis Crouzet ou <a href=\"http:\/\/parolesdhistoire.fr\/index.php\/2019\/09\/11\/72-fantomes-dancien-regime-avec-caroline-callard\/\">Caroline Callard<\/a> (33\u2019)<\/li>\n<li>Jean Delumeau, essayiste catholique, aux prises avec la \u00ab\u00a0d\u00e9christianisation\u00a0\u00bb (34\u2019)<\/li>\n<li>Les liens entre pass\u00e9 et pr\u00e9sent dans son \u0153uvre, et la question du degr\u00e9 de christianisation du Moyen \u00e2ge (37\u2019)<\/li>\n<li>Les critiques adress\u00e9es par Jean Delumeau \u00e0 l\u2019\u00c9glise et \u00e0 son rigorisme (39\u2019)<\/li>\n<li>Une (l\u00e9g\u00e8re) ouverture \u00e0 l\u2019histoire des femmes (42&#8242;)<\/li>\n<li>Un livre collectif questionnant <em>L\u2019historien et la foi<\/em> (1996) (44&#8242;)<\/li>\n<li>Quelle post\u00e9rit\u00e9\u00a0?<\/li>\n<\/ul>\n<p><strong>Liens et bibliographie :<\/strong><\/p>\n<ul>\n<li><a href=\"https:\/\/soundcloud.com\/luc-daireaux\/au-miroir-de-clio-avec-jean-delumeau-itineraire-dun-historien-du-religieux-03072016\">Entretien audio<\/a> avec Jean Delumeau, par Luc Daireaux (Au Miroir de Clio, sur Radio campus Rouen, 2016)<\/li>\n<li><a href=\"https:\/\/www.cairn.info\/revue-etudes-2004-5-page-689.htm\">Entretien \u00e9crit<\/a> avec Jean Delumeau (<em>Etudes<\/em>, 2005)<\/li>\n<li>Jean Delumeau \u00e9voquant <em>La peur en occident<\/em> <a href=\"https:\/\/www.ina.fr\/video\/I17073438\/jean-delumeau-a-propos-des-peurs-millenaristes-video.html\">dans l&#8217;\u00e9mission Apostrophes<\/a> en 1978<\/li>\n<li><a href=\"https:\/\/www.college-de-france.fr\/site\/jean-delumeau\/index.htm#content.htm\">Biographie<\/a> et <a href=\"https:\/\/www.college-de-france.fr\/site\/jean-delumeau\/ouvrages-et-articles.htm\">bibliographie<\/a> d\u00e9taill\u00e9e de Jean Delumeau (Coll\u00e8ge de France)<\/li>\n<li><a href=\"https:\/\/www.persee.fr\/authority\/256626\">Articles et recensions<\/a> de Jean Delumeau (site Pers\u00e9e)<\/li>\n<\/ul>\n<p><strong>R\u00e9f\u00e9rences cit\u00e9es durant l&#8217;\u00e9mission et prolongements :<\/strong><\/p>\n<ul>\n<li>Gabriel\u00a0Le Bras, \u201c<wbr \/>D\u00e9christianisation: Mot\u00a0fallacieux,\u201d <em>Cahiers d&#8217;histoire<\/em>, 9, (1964), pp. 92-97.<\/li>\n<li>Igor Sosa Mayor, <a href=\"https:\/\/pocram.hypotheses.org\/2658\">El noble atribulado<\/a><\/li>\n<li>Caroline Muller, <a href=\"http:\/\/parolesdhistoire.fr\/index.php\/2019\/04\/10\/48-intimites-catholiques-au-xixe-siecle-avec-caroline-muller\/\">Au plus pr\u00e8s des \u00e2mes et des corps\u00a0<\/a><\/li>\n<li>Caroline Muller, &#8220;<a href=\"https:\/\/halshs.archives-ouvertes.fr\/halshs-01287241\/document\">Ce que confessent les journaux intimes<\/a>&#8220;<\/li>\n<li>V\u00e9ronique Beaulande-Barraud, <em>Les p\u00e9ch\u00e9s les plus grands: Hi\u00e9rarchie de l&#8217;\u00c9glise et for de la p\u00e9nitence (France, Angleterre, XIIIe-XVe si\u00e8cle)<\/em>, Rennes, PUR, 2019.<\/li>\n<li>Philippe Boutry, \u00ab R\u00e9flexions sur la confession au XIXe si\u00e8cle. Autour d\u2019une lettre de soeur Marie-Zo\u00eb au cur\u00e9 d\u2019Ars (1858) \u00bb, dans Groupe de La Bussi\u00e8re, <em>Pratiques de la confession. Des P\u00e8res du D\u00e9sert \u00e0 Vatican II. Quinze \u00e9tudes d\u2019histoire,<\/em>Paris, Le Cerf, 1983, p.225-238.<\/li>\n<li>Isabelle Poutrin, \u00a0<a href=\"https:\/\/www.cairn.info\/revue-d-histoire-moderne-et-contemporaine-2006-3-page-7.htm?contenu=article\">\u00ab\u00a0Cas de conscience et affaires d&#8217;\u00c9tat\u00a0: le minist\u00e8re du confesseur royal en Espagne sous Philippe III\u00a0\u00bb<\/a>,\u00a0<i>Revue d\u2019histoire moderne &amp; contemporaine<\/i>, 2006\/3 (n<sup>o<\/sup>\u00a053-3), p. 7-28<\/li>\n<li>Guillaume Cuchet,\u00a0 <a href=\"https:\/\/www.cairn.info\/revue-vingtieme-siecle-revue-d-histoire-2010-3-page-145.htm\">&#8220;Jean Delumeau, historien de la peur et du p\u00e9ch\u00e9. Historiographie, religion et soci\u00e9t\u00e9 dans le dernier tiers du 20e si\u00e8cle&#8221;<\/a>, <i>Vingti\u00e8me Si\u00e8cle. Revue d&#8217;histoire<\/i>, 2010\/3 (n\u00b0 107), p. 145-155.<\/li>\n<\/ul>\n","protected":false},"excerpt":{"rendered":"<p>Le th\u00e8me\u00a0: Jean Delumeau (1923-2020), son \u0153uvre et sa place dans l\u2019historiographie Jean Delumeau dans &#8220;Apostrophes&#8221; en 1978 Les invit\u00e9-e-s\u00a0: Isabelle Poutrin, Professeure d\u2019histoire moderne \u00e0 l\u2019universit\u00e9 de Reims ; Guillaume Cuchet, Professeur d\u2019histoire contemporaine \u00e0 l\u2019universit\u00e9 de Paris-est Cr\u00e9teil. La discussion\u00a0: La place majeure tenue par Jean Delumeau dans l\u2019historiographie (1\u2019) Un parcours universitaire &hellip; <a href=\"https:\/\/parolesdhistoire.fr\/index.php\/2020\/01\/29\/87-autour-de-jean-delumeau-avec-guillaume-cuchet-et-isabelle-poutrin\/\" class=\"more-link\">Continue reading<span class=\"screen-reader-text\"> &#8220;87. Autour de Jean Delumeau, avec Guillaume Cuchet et Isabelle Poutrin&#8221;<\/span><\/a><\/p>\n","protected":false},"author":1,"featured_media":0,"comment_status":"open","ping_status":"open","sticky":false,"template":"","format":"standard","meta":{"footnotes":""},"categories":[1],"tags":[32,47,54,57,28,76,63],"class_list":["post-800","post","type-post","status-publish","format-standard","hentry","category-non-classe","tag-annales","tag-christianisme","tag-histoire-medievale","tag-histoire-moderne","tag-historiographie","tag-italie","tag-religion"],"_links":{"self":[{"href":"https:\/\/parolesdhistoire.fr\/index.php\/wp-json\/wp\/v2\/posts\/800","targetHints":{"allow":["GET"]}}],"collection":[{"href":"https:\/\/parolesdhistoire.fr\/index.php\/wp-json\/wp\/v2\/posts"}],"about":[{"href":"https:\/\/parolesdhistoire.fr\/index.php\/wp-json\/wp\/v2\/types\/post"}],"author":[{"embeddable":true,"href":"https:\/\/parolesdhistoire.fr\/index.php\/wp-json\/wp\/v2\/users\/1"}],"replies":[{"embeddable":true,"href":"https:\/\/parolesdhistoire.fr\/index.php\/wp-json\/wp\/v2\/comments?post=800"}],"version-history":[{"count":8,"href":"https:\/\/parolesdhistoire.fr\/index.php\/wp-json\/wp\/v2\/posts\/800\/revisions"}],"predecessor-version":[{"id":811,"href":"https:\/\/parolesdhistoire.fr\/index.php\/wp-json\/wp\/v2\/posts\/800\/revisions\/811"}],"wp:attachment":[{"href":"https:\/\/parolesdhistoire.fr\/index.php\/wp-json\/wp\/v2\/media?parent=800"}],"wp:term":[{"taxonomy":"category","embeddable":true,"href":"https:\/\/parolesdhistoire.fr\/index.php\/wp-json\/wp\/v2\/categories?post=800"},{"taxonomy":"post_tag","embeddable":true,"href":"https:\/\/parolesdhistoire.fr\/index.php\/wp-json\/wp\/v2\/tags?post=800"}],"curies":[{"name":"wp","href":"https:\/\/api.w.org\/{rel}","templated":true}]}}