{"id":828,"date":"2020-02-19T03:53:55","date_gmt":"2020-02-19T02:53:55","guid":{"rendered":"http:\/\/parolesdhistoire.fr\/?p=828"},"modified":"2020-02-18T11:37:38","modified_gmt":"2020-02-18T10:37:38","slug":"90-memoires-de-la-guerre-dalgerie-avec-benjamin-stora-et-alexandra-badea-les-mercredis-des-revolutions","status":"publish","type":"post","link":"https:\/\/parolesdhistoire.fr\/index.php\/2020\/02\/19\/90-memoires-de-la-guerre-dalgerie-avec-benjamin-stora-et-alexandra-badea-les-mercredis-des-revolutions\/","title":{"rendered":"90. M\u00e9moires de la guerre d&#8217;Alg\u00e9rie, avec Benjamin Stora et Alexandra Badea (les mercredis des r\u00e9volutions)"},"content":{"rendered":"<iframe loading=\"lazy\" src=\"https:\/\/player.blubrry.com\/?media_url=https%3A%2F%2Fmedia.blubrry.com%2Fparolesdhistoire%2Fcontent.blubrry.com%2Fparolesdhistoire%2Fmercredisrevolutions_algerie.mp3&amp;modern=1&amp;podcast_link=https%3A%2F%2Fparolesdhistoire.fr%2Findex.php%2F2020%2F02%2F19%2F90-memoires-de-la-guerre-dalgerie-avec-benjamin-stora-et-alexandra-badea-les-mercredis-des-revolutions%2F#mode-Light&border-000000&progress-000000\" scrolling=\"no\" width=\"100%\" height=\"165\" frameborder=\"0\" id=\"blubrryplayer-1\" class=\"blubrryplayer\" title=\"Blubrry Podcast Player\"><\/iframe><p class=\"powerpress_links powerpress_links_mp3\" style=\"margin-bottom: 1px !important;\">Podcast: <a href=\"https:\/\/media.blubrry.com\/parolesdhistoire\/content.blubrry.com\/parolesdhistoire\/mercredisrevolutions_algerie.mp3\" class=\"powerpress_link_pinw\" target=\"_blank\" title=\"Play in new window\" onclick=\"return powerpress_pinw('https:\/\/parolesdhistoire.fr\/?powerpress_pinw=828-podcast');\" rel=\"nofollow\">Play in new window<\/a> | <a href=\"https:\/\/media.blubrry.com\/parolesdhistoire\/content.blubrry.com\/parolesdhistoire\/mercredisrevolutions_algerie.mp3\" class=\"powerpress_link_d\" title=\"Download\" rel=\"nofollow\" download=\"mercredisrevolutions_algerie.mp3\">Download<\/a><\/p><p class=\"powerpress_links powerpress_subscribe_links\">S'abonner :  <a href=\"https:\/\/itunes.apple.com\/fr\/podcast\/paroles-dhistoire\/id1376002842?l=en&amp;mt=2&amp;ls=1#episodeGuid=http%3A%2F%2Fparolesdhistoire.fr%2F%3Fp%3D828\" class=\"powerpress_link_subscribe powerpress_link_subscribe_itunes\" target=\"_blank\" title=\"Subscribe on Apple Podcasts\" rel=\"nofollow\">Apple Podcasts<\/a> | <a href=\"https:\/\/open.spotify.com\/show\/57zBA3htpYUB4MJNhhlDnn\" class=\"powerpress_link_subscribe powerpress_link_subscribe_spotify\" target=\"_blank\" title=\"Subscribe on Spotify\" rel=\"nofollow\">Spotify<\/a> | <a href=\"https:\/\/subscribeonandroid.com\/feeds.audiomeans.fr\/feed\/c3e6abea-2254-416a-b8ef-0619098d0e45.xml\" class=\"powerpress_link_subscribe powerpress_link_subscribe_android\" target=\"_blank\" title=\"Subscribe on Android\" rel=\"nofollow\">Android<\/a> | <a href=\"https:\/\/www.deezer.com\/en\/show\/1000680512\" class=\"powerpress_link_subscribe powerpress_link_subscribe_deezer\" target=\"_blank\" title=\"Subscribe on Deezer\" rel=\"nofollow\">Deezer<\/a> | <a href=\"https:\/\/feeds.audiomeans.fr\/feed\/c3e6abea-2254-416a-b8ef-0619098d0e45.xml\" class=\"powerpress_link_subscribe powerpress_link_subscribe_rss\" target=\"_blank\" title=\"Subscribe via RSS\" rel=\"nofollow\">RSS<\/a> | <a href=\"https:\/\/parolesdhistoire.fr\/index.php\/sabonner\/\" class=\"powerpress_link_subscribe powerpress_link_subscribe_more\" target=\"_blank\" title=\"More\" rel=\"nofollow\">More<\/a><\/p><p>Troisi\u00e8me s\u00e9ance des \u201c<a href=\"https:\/\/histoire19.hypotheses.org\/category\/universite-populaire\/les-mardis-des-revolutions\">mercredis des r\u00e9volutions<\/a>\u201c, universit\u00e9 populaire organis\u00e9e \u00e0 la mairie du XVIIIe arrondissement par la Soci\u00e9t\u00e9 d\u2019histoire de la r\u00e9volution de 1848, en partenariat avec \u201cParoles d\u2019histoire\u201d.<\/p>\n<p><strong>Les invit\u00e9-e-s :<\/strong> Benjamin Stora (historien), Alexandra Badea (dramaturge) ; discussion anim\u00e9e par Philippe Darriulat<\/p>\n<p><img loading=\"lazy\" decoding=\"async\" class=\"css-9pa8cd\" draggable=\"true\" src=\"https:\/\/pbs.twimg.com\/media\/ERCyE6GWsAEMB5j?format=jpg&amp;name=900x900\" alt=\"Image\" width=\"408\" height=\"304\" \/><\/p>\n<p><strong>La discussion :<\/strong><\/p>\n<ul>\n<li>Premi\u00e8re question de Philippe Darriulat\u00a0: la m\u00e9moire de la guerre d\u2019Alg\u00e9rie dans la soci\u00e9t\u00e9 fran\u00e7aise actuelle<\/li>\n<li>Benjamin Stora (5\u2019)\u00a0: un rappel des exactions coloniales, et de la fa\u00e7on dont la plupart des pays europ\u00e9ens esquivent cette m\u00e9moire<\/li>\n<li>L\u2019absence de la question coloniale dans la m\u00e9moire entretenue par la construction europ\u00e9enne<\/li>\n<li>Une \u00ab\u00a0bonne conscience coloniale\u00a0\u00bb qui se perp\u00e9tue de nos jours<\/li>\n<li>La question coloniale, constitutive de la question nationale en France<\/li>\n<li>Alexandra Badea (23\u2019)\u00a0: la m\u00e9moire encore compliqu\u00e9e du 17 octobre 1961, et du massacre de Thiaroye<\/li>\n<li>Benjamin Stora (40\u2019)\u00a0: les premi\u00e8res r\u00e9surgences m\u00e9morielles du 17 octobre 1961, et sa place m\u00e9morielle aujourd\u2019hui, puisqu\u2019on ne peut plus parler de m\u00e9connaissance ou d\u2019occultation<\/li>\n<li>Le rapport entre connaissance historique et reconnaissance m\u00e9morielle (51\u2019)<\/li>\n<li>La r\u00e9appropriation r\u00e9cente, en Alg\u00e9rie, d\u2019une part oubli\u00e9e de l\u2019histoire\u00a0: Messali Hadj, Ferhat Abbas, le mouvement alg\u00e9rien dans toute sa pluralit\u00e9<\/li>\n<\/ul>\n<p><strong>Pour aller plus loin :<\/strong><\/p>\n<p><a href=\"https:\/\/benjaminstora.univ-paris13.fr\/index.php\/ouvrages.html\">Bibliographie<\/a> de Benjamin Stora<\/p>\n<p>Pr\u00e9sentation du <a href=\"https:\/\/www.colline.fr\/spectacles\/points-de-non-retour-thiaroye\">travail sur Thiaroye<\/a> d&#8217;Alexandra Badea au Th\u00e9\u00e2tre de la Colline<\/p>\n<p><a href=\"https:\/\/entre-temps.net\/recits-manquants-entretien-avec-cedric-maurin\/\">Entretien<\/a> avec C\u00e9dric Maurin, professeur d&#8217;histoire, sur le <a href=\"https:\/\/www.colline.fr\/les-ateliers-pour-tous\/de-la-grande-histoire-la-petite-histoire\">projet<\/a> d(atelier th\u00e9\u00e2tral autour des &#8220;r\u00e9cits manquants&#8221;<\/p>\n","protected":false},"excerpt":{"rendered":"<p>Troisi\u00e8me s\u00e9ance des \u201cmercredis des r\u00e9volutions\u201c, universit\u00e9 populaire organis\u00e9e \u00e0 la mairie du XVIIIe arrondissement par la Soci\u00e9t\u00e9 d\u2019histoire de la r\u00e9volution de 1848, en partenariat avec \u201cParoles d\u2019histoire\u201d. Les invit\u00e9-e-s : Benjamin Stora (historien), Alexandra Badea (dramaturge) ; discussion anim\u00e9e par Philippe Darriulat La discussion : Premi\u00e8re question de Philippe Darriulat\u00a0: la m\u00e9moire de &hellip; <a href=\"https:\/\/parolesdhistoire.fr\/index.php\/2020\/02\/19\/90-memoires-de-la-guerre-dalgerie-avec-benjamin-stora-et-alexandra-badea-les-mercredis-des-revolutions\/\" class=\"more-link\">Continue reading<span class=\"screen-reader-text\"> &#8220;90. M\u00e9moires de la guerre d&#8217;Alg\u00e9rie, avec Benjamin Stora et Alexandra Badea (les mercredis des r\u00e9volutions)&#8221;<\/span><\/a><\/p>\n","protected":false},"author":1,"featured_media":0,"comment_status":"open","ping_status":"open","sticky":false,"template":"","format":"standard","meta":{"footnotes":""},"categories":[152],"tags":[11,14,164,49],"class_list":["post-828","post","type-post","status-publish","format-standard","hentry","category-conference","tag-algerie","tag-memoire","tag-mercredis-des-revolutions","tag-theatre"],"_links":{"self":[{"href":"https:\/\/parolesdhistoire.fr\/index.php\/wp-json\/wp\/v2\/posts\/828","targetHints":{"allow":["GET"]}}],"collection":[{"href":"https:\/\/parolesdhistoire.fr\/index.php\/wp-json\/wp\/v2\/posts"}],"about":[{"href":"https:\/\/parolesdhistoire.fr\/index.php\/wp-json\/wp\/v2\/types\/post"}],"author":[{"embeddable":true,"href":"https:\/\/parolesdhistoire.fr\/index.php\/wp-json\/wp\/v2\/users\/1"}],"replies":[{"embeddable":true,"href":"https:\/\/parolesdhistoire.fr\/index.php\/wp-json\/wp\/v2\/comments?post=828"}],"version-history":[{"count":4,"href":"https:\/\/parolesdhistoire.fr\/index.php\/wp-json\/wp\/v2\/posts\/828\/revisions"}],"predecessor-version":[{"id":832,"href":"https:\/\/parolesdhistoire.fr\/index.php\/wp-json\/wp\/v2\/posts\/828\/revisions\/832"}],"wp:attachment":[{"href":"https:\/\/parolesdhistoire.fr\/index.php\/wp-json\/wp\/v2\/media?parent=828"}],"wp:term":[{"taxonomy":"category","embeddable":true,"href":"https:\/\/parolesdhistoire.fr\/index.php\/wp-json\/wp\/v2\/categories?post=828"},{"taxonomy":"post_tag","embeddable":true,"href":"https:\/\/parolesdhistoire.fr\/index.php\/wp-json\/wp\/v2\/tags?post=828"}],"curies":[{"name":"wp","href":"https:\/\/api.w.org\/{rel}","templated":true}]}}