{"id":855,"date":"2020-03-04T04:32:42","date_gmt":"2020-03-04T03:32:42","guid":{"rendered":"http:\/\/parolesdhistoire.fr\/?p=855"},"modified":"2020-03-03T18:54:34","modified_gmt":"2020-03-03T17:54:34","slug":"94-defendre-le-service-public-de-lenseignement-et-de-la-recherche-avec-aurelia-michel-florent-piton-et-clyde-plumauzille","status":"publish","type":"post","link":"https:\/\/parolesdhistoire.fr\/index.php\/2020\/03\/04\/94-defendre-le-service-public-de-lenseignement-et-de-la-recherche-avec-aurelia-michel-florent-piton-et-clyde-plumauzille\/","title":{"rendered":"94. D\u00e9fendre le service public de l&#8217;enseignement et de la recherche, avec Aur\u00e9lia Michel, Florent Piton et Clyde Plumauzille"},"content":{"rendered":"<iframe loading=\"lazy\" src=\"https:\/\/player.blubrry.com\/?media_url=https%3A%2F%2Fmedia.blubrry.com%2Fparolesdhistoire%2Fcontent.blubrry.com%2Fparolesdhistoire%2Flppr.mp3&amp;modern=1&amp;podcast_link=https%3A%2F%2Fparolesdhistoire.fr%2Findex.php%2F2020%2F03%2F04%2F94-defendre-le-service-public-de-lenseignement-et-de-la-recherche-avec-aurelia-michel-florent-piton-et-clyde-plumauzille%2F#mode-Light&border-000000&progress-000000\" scrolling=\"no\" width=\"100%\" height=\"165\" frameborder=\"0\" id=\"blubrryplayer-1\" class=\"blubrryplayer\" title=\"Blubrry Podcast Player\"><\/iframe><p class=\"powerpress_links powerpress_links_mp3\" style=\"margin-bottom: 1px !important;\">Podcast: <a href=\"https:\/\/media.blubrry.com\/parolesdhistoire\/content.blubrry.com\/parolesdhistoire\/lppr.mp3\" class=\"powerpress_link_pinw\" target=\"_blank\" title=\"Play in new window\" onclick=\"return powerpress_pinw('https:\/\/parolesdhistoire.fr\/?powerpress_pinw=855-podcast');\" rel=\"nofollow\">Play in new window<\/a> | <a href=\"https:\/\/media.blubrry.com\/parolesdhistoire\/content.blubrry.com\/parolesdhistoire\/lppr.mp3\" class=\"powerpress_link_d\" title=\"Download\" rel=\"nofollow\" download=\"lppr.mp3\">Download<\/a><\/p><p class=\"powerpress_links powerpress_subscribe_links\">S'abonner :  <a href=\"https:\/\/itunes.apple.com\/fr\/podcast\/paroles-dhistoire\/id1376002842?l=en&amp;mt=2&amp;ls=1#episodeGuid=http%3A%2F%2Fparolesdhistoire.fr%2F%3Fp%3D855\" class=\"powerpress_link_subscribe powerpress_link_subscribe_itunes\" target=\"_blank\" title=\"Subscribe on Apple Podcasts\" rel=\"nofollow\">Apple Podcasts<\/a> | <a href=\"https:\/\/open.spotify.com\/show\/57zBA3htpYUB4MJNhhlDnn\" class=\"powerpress_link_subscribe powerpress_link_subscribe_spotify\" target=\"_blank\" title=\"Subscribe on Spotify\" rel=\"nofollow\">Spotify<\/a> | <a href=\"https:\/\/subscribeonandroid.com\/feeds.audiomeans.fr\/feed\/c3e6abea-2254-416a-b8ef-0619098d0e45.xml\" class=\"powerpress_link_subscribe powerpress_link_subscribe_android\" target=\"_blank\" title=\"Subscribe on Android\" rel=\"nofollow\">Android<\/a> | <a href=\"https:\/\/www.deezer.com\/en\/show\/1000680512\" class=\"powerpress_link_subscribe powerpress_link_subscribe_deezer\" target=\"_blank\" title=\"Subscribe on Deezer\" rel=\"nofollow\">Deezer<\/a> | <a href=\"https:\/\/feeds.audiomeans.fr\/feed\/c3e6abea-2254-416a-b8ef-0619098d0e45.xml\" class=\"powerpress_link_subscribe powerpress_link_subscribe_rss\" target=\"_blank\" title=\"Subscribe via RSS\" rel=\"nofollow\">RSS<\/a> | <a href=\"https:\/\/parolesdhistoire.fr\/index.php\/sabonner\/\" class=\"powerpress_link_subscribe powerpress_link_subscribe_more\" target=\"_blank\" title=\"More\" rel=\"nofollow\">More<\/a><\/p><p><strong>Les invit\u00e9-e-s:<\/strong> Aur\u00e9lia Michel (ma\u00eetresse de conf\u00e9rences, Universit\u00e9 Paris-Diderot), Florent Piton (doctorant et ATER, Universit\u00e9 Paris-Diderot) et Clyde Plumauzille (Charg\u00e9e de recherche au CNRS)<\/p>\n<p><img loading=\"lazy\" decoding=\"async\" class=\"wp-image-3532\" src=\"https:\/\/universiteouvertedotorg.files.wordpress.com\/2020\/02\/5-mars-carre.jpg?w=822\" sizes=\"auto, (max-width: 822px) 100vw, 822px\" srcset=\"https:\/\/universiteouvertedotorg.files.wordpress.com\/2020\/02\/5-mars-carre.jpg 822w, https:\/\/universiteouvertedotorg.files.wordpress.com\/2020\/02\/5-mars-carre.jpg?w=150 150w, https:\/\/universiteouvertedotorg.files.wordpress.com\/2020\/02\/5-mars-carre.jpg?w=300 300w, https:\/\/universiteouvertedotorg.files.wordpress.com\/2020\/02\/5-mars-carre.jpg?w=768 768w\" alt=\"\" width=\"403\" height=\"403\" data-attachment-id=\"3532\" data-permalink=\"https:\/\/universiteouverte.org\/5-mars-carre\/\" data-orig-file=\"https:\/\/universiteouvertedotorg.files.wordpress.com\/2020\/02\/5-mars-carre.jpg\" data-orig-size=\"822,822\" data-comments-opened=\"1\" data-image-meta=\"{&quot;aperture&quot;:&quot;0&quot;,&quot;credit&quot;:&quot;&quot;,&quot;camera&quot;:&quot;&quot;,&quot;caption&quot;:&quot;&quot;,&quot;created_timestamp&quot;:&quot;0&quot;,&quot;copyright&quot;:&quot;&quot;,&quot;focal_length&quot;:&quot;0&quot;,&quot;iso&quot;:&quot;0&quot;,&quot;shutter_speed&quot;:&quot;0&quot;,&quot;title&quot;:&quot;&quot;,&quot;orientation&quot;:&quot;1&quot;}\" data-image-title=\"5-mars-carre\" data-image-description=\"\" data-medium-file=\"https:\/\/universiteouvertedotorg.files.wordpress.com\/2020\/02\/5-mars-carre.jpg?w=300\" data-large-file=\"https:\/\/universiteouvertedotorg.files.wordpress.com\/2020\/02\/5-mars-carre.jpg?w=822\" \/><br \/>\n<a href=\"https:\/\/universiteouverte.org\/2020\/02\/13\/le-5-mars-saffiche-partout\/\"><em>Affiche par Fred Sochard<\/em><\/a><\/p>\n<p><strong>Le th\u00e8me :<\/strong> La Loi de Programmation Pluriannuelle sur la Recherche, en cours de r\u00e9daction<\/p>\n<p><strong>La discussion :<\/strong><\/p>\n<ul>\n<li>Ce qu\u2019on conna\u00eet du projet de loi\u00a0: pilotage et comp\u00e9tition, dans la lign\u00e9e de politiques men\u00e9es depuis une quinzaine d\u2019ann\u00e9es<\/li>\n<li>La question de l\u2019\u00e9valuation au c\u0153ur de ces enjeux<\/li>\n<li>La course \u00e0 la publication provoqu\u00e9e par ce mod\u00e8le<\/li>\n<li>L\u2019id\u00e9e d\u2019une loi \u00ab\u00a0darwinienne\u00a0\u00bb d\u00e9fendue par le pr\u00e9sident du CNRS<\/li>\n<li>Les probl\u00e8mes pos\u00e9s par une conception instrumentale de la recherche<\/li>\n<li>La pr\u00e9carit\u00e9 accrue \u00e0 l\u2019horizon de la loi LPPR<\/li>\n<li>La seule solution possible et urgente\u00a0: cr\u00e9er des postes fixes et p\u00e9rennes<\/li>\n<li>Les menaces portant sur les revues<\/li>\n<li>L\u2019ampleur in\u00e9dite du mouvement, les formes de mobilisation envisag\u00e9es<\/li>\n<\/ul>\n<p><strong>Liens et ressources :<\/strong><\/p>\n<ul>\n<li><a href=\"https:\/\/universiteouverte.org\/\">Universit\u00e9 ouverte<\/a><\/li>\n<li><a href=\"http:\/\/rogueesr.fr\/\">RogueESR<\/a><\/li>\n<li><a href=\"http:\/\/www.sauvonsluniversite.fr\/\">Sauvons l&#8217;Universit\u00e9<\/a><\/li>\n<li><a href=\"https:\/\/aoc.media\/opinion\/2020\/02\/16\/a-la-conquete-du-meilleur-des-mondes-a-propos-de-la-loi-de-programmation-pluriannuelle-sur-la-recherche-lppr\/\">Analyse<\/a> du projet LPPR par Christophe Charle (\u00e9ditions abonn\u00e9s, consultable avec un compte \u00e0 cr\u00e9er gratuitement)<\/li>\n<li><a href=\"https:\/\/www.lemonde.fr\/idees\/article\/2020\/02\/19\/le-projet-actuel-visant-a-accroitre-les-inegalites-entre-chercheurs-sera-probablement-contre-productif_6030040_3232.html\">Analyse<\/a> par l&#8217;historien Jean-Baptiste Fressoz<\/li>\n<\/ul>\n","protected":false},"excerpt":{"rendered":"<p>Les invit\u00e9-e-s: Aur\u00e9lia Michel (ma\u00eetresse de conf\u00e9rences, Universit\u00e9 Paris-Diderot), Florent Piton (doctorant et ATER, Universit\u00e9 Paris-Diderot) et Clyde Plumauzille (Charg\u00e9e de recherche au CNRS) Affiche par Fred Sochard Le th\u00e8me : La Loi de Programmation Pluriannuelle sur la Recherche, en cours de r\u00e9daction La discussion : Ce qu\u2019on conna\u00eet du projet de loi\u00a0: pilotage et &hellip; <a href=\"https:\/\/parolesdhistoire.fr\/index.php\/2020\/03\/04\/94-defendre-le-service-public-de-lenseignement-et-de-la-recherche-avec-aurelia-michel-florent-piton-et-clyde-plumauzille\/\" class=\"more-link\">Continue reading<span class=\"screen-reader-text\"> &#8220;94. D\u00e9fendre le service public de l&#8217;enseignement et de la recherche, avec Aur\u00e9lia Michel, Florent Piton et Clyde Plumauzille&#8221;<\/span><\/a><\/p>\n","protected":false},"author":1,"featured_media":0,"comment_status":"open","ping_status":"open","sticky":false,"template":"","format":"standard","meta":{"footnotes":""},"categories":[1],"tags":[],"class_list":["post-855","post","type-post","status-publish","format-standard","hentry","category-non-classe"],"_links":{"self":[{"href":"https:\/\/parolesdhistoire.fr\/index.php\/wp-json\/wp\/v2\/posts\/855","targetHints":{"allow":["GET"]}}],"collection":[{"href":"https:\/\/parolesdhistoire.fr\/index.php\/wp-json\/wp\/v2\/posts"}],"about":[{"href":"https:\/\/parolesdhistoire.fr\/index.php\/wp-json\/wp\/v2\/types\/post"}],"author":[{"embeddable":true,"href":"https:\/\/parolesdhistoire.fr\/index.php\/wp-json\/wp\/v2\/users\/1"}],"replies":[{"embeddable":true,"href":"https:\/\/parolesdhistoire.fr\/index.php\/wp-json\/wp\/v2\/comments?post=855"}],"version-history":[{"count":6,"href":"https:\/\/parolesdhistoire.fr\/index.php\/wp-json\/wp\/v2\/posts\/855\/revisions"}],"predecessor-version":[{"id":861,"href":"https:\/\/parolesdhistoire.fr\/index.php\/wp-json\/wp\/v2\/posts\/855\/revisions\/861"}],"wp:attachment":[{"href":"https:\/\/parolesdhistoire.fr\/index.php\/wp-json\/wp\/v2\/media?parent=855"}],"wp:term":[{"taxonomy":"category","embeddable":true,"href":"https:\/\/parolesdhistoire.fr\/index.php\/wp-json\/wp\/v2\/categories?post=855"},{"taxonomy":"post_tag","embeddable":true,"href":"https:\/\/parolesdhistoire.fr\/index.php\/wp-json\/wp\/v2\/tags?post=855"}],"curies":[{"name":"wp","href":"https:\/\/api.w.org\/{rel}","templated":true}]}}