{"id":933,"date":"2020-04-03T04:40:46","date_gmt":"2020-04-03T02:40:46","guid":{"rendered":"http:\/\/parolesdhistoire.fr\/?p=933"},"modified":"2020-04-02T23:02:52","modified_gmt":"2020-04-02T21:02:52","slug":"104-la-serie-peaky-blinders-avec-victor-faingnaert","status":"publish","type":"post","link":"https:\/\/parolesdhistoire.fr\/index.php\/2020\/04\/03\/104-la-serie-peaky-blinders-avec-victor-faingnaert\/","title":{"rendered":"104. La s\u00e9rie &#8216;Peaky Blinders&#8217;, avec Victor Faingnaert"},"content":{"rendered":"<iframe loading=\"lazy\" src=\"https:\/\/player.blubrry.com\/?media_url=https%3A%2F%2Fmedia.blubrry.com%2Fparolesdhistoire%2Fcontent.blubrry.com%2Fparolesdhistoire%2Fpeakyblinders.mp3&amp;modern=1&amp;podcast_link=https%3A%2F%2Fparolesdhistoire.fr%2Findex.php%2F2020%2F04%2F03%2F104-la-serie-peaky-blinders-avec-victor-faingnaert%2F#mode-Light&border-000000&progress-000000\" scrolling=\"no\" width=\"100%\" height=\"165\" frameborder=\"0\" id=\"blubrryplayer-1\" class=\"blubrryplayer\" title=\"Blubrry Podcast Player\"><\/iframe><p class=\"powerpress_links powerpress_links_mp3\" style=\"margin-bottom: 1px !important;\">Podcast: <a href=\"https:\/\/media.blubrry.com\/parolesdhistoire\/content.blubrry.com\/parolesdhistoire\/peakyblinders.mp3\" class=\"powerpress_link_pinw\" target=\"_blank\" title=\"Play in new window\" onclick=\"return powerpress_pinw('https:\/\/parolesdhistoire.fr\/?powerpress_pinw=933-podcast');\" rel=\"nofollow\">Play in new window<\/a> | <a href=\"https:\/\/media.blubrry.com\/parolesdhistoire\/content.blubrry.com\/parolesdhistoire\/peakyblinders.mp3\" class=\"powerpress_link_d\" title=\"Download\" rel=\"nofollow\" download=\"peakyblinders.mp3\">Download<\/a><\/p><p class=\"powerpress_links powerpress_subscribe_links\">S'abonner :  <a href=\"https:\/\/itunes.apple.com\/fr\/podcast\/paroles-dhistoire\/id1376002842?l=en&amp;mt=2&amp;ls=1#episodeGuid=http%3A%2F%2Fparolesdhistoire.fr%2F%3Fp%3D933\" class=\"powerpress_link_subscribe powerpress_link_subscribe_itunes\" target=\"_blank\" title=\"Subscribe on Apple Podcasts\" rel=\"nofollow\">Apple Podcasts<\/a> | <a href=\"https:\/\/open.spotify.com\/show\/57zBA3htpYUB4MJNhhlDnn\" class=\"powerpress_link_subscribe powerpress_link_subscribe_spotify\" target=\"_blank\" title=\"Subscribe on Spotify\" rel=\"nofollow\">Spotify<\/a> | <a href=\"https:\/\/subscribeonandroid.com\/feeds.audiomeans.fr\/feed\/c3e6abea-2254-416a-b8ef-0619098d0e45.xml\" class=\"powerpress_link_subscribe powerpress_link_subscribe_android\" target=\"_blank\" title=\"Subscribe on Android\" rel=\"nofollow\">Android<\/a> | <a href=\"https:\/\/www.deezer.com\/en\/show\/1000680512\" class=\"powerpress_link_subscribe powerpress_link_subscribe_deezer\" target=\"_blank\" title=\"Subscribe on Deezer\" rel=\"nofollow\">Deezer<\/a> | <a href=\"https:\/\/feeds.audiomeans.fr\/feed\/c3e6abea-2254-416a-b8ef-0619098d0e45.xml\" class=\"powerpress_link_subscribe powerpress_link_subscribe_rss\" target=\"_blank\" title=\"Subscribe via RSS\" rel=\"nofollow\">RSS<\/a> | <a href=\"https:\/\/parolesdhistoire.fr\/index.php\/sabonner\/\" class=\"powerpress_link_subscribe powerpress_link_subscribe_more\" target=\"_blank\" title=\"More\" rel=\"nofollow\">More<\/a><\/p><p><strong>L&#8217;invit\u00e9:<\/strong> Victor Faingnaert<\/p>\n<p><a href=\"http:\/\/parolesdhistoire.fr\/wp-content\/uploads\/2020\/04\/arton139409.jpg\"><img loading=\"lazy\" decoding=\"async\" class=\"aligncenter wp-image-934\" src=\"http:\/\/parolesdhistoire.fr\/wp-content\/uploads\/2020\/04\/arton139409-300x168.jpg\" alt=\"\" width=\"498\" height=\"279\" srcset=\"https:\/\/parolesdhistoire.fr\/wp-content\/uploads\/2020\/04\/arton139409-300x168.jpg 300w, https:\/\/parolesdhistoire.fr\/wp-content\/uploads\/2020\/04\/arton139409-768x431.jpg 768w, https:\/\/parolesdhistoire.fr\/wp-content\/uploads\/2020\/04\/arton139409.jpg 800w\" sizes=\"auto, (max-width: 498px) 85vw, 498px\" \/><\/a><strong>La s\u00e9rie:<\/strong> <em>Peaky Blinders<\/em><\/p>\n<p><strong>La discussion :<\/strong><\/p>\n<ul>\n<li>Les origines et buts de la s\u00e9rie, et de son cr\u00e9ateur Steven Knight<\/li>\n<li>Les rapports compliqu\u00e9s entre cet auteur et les historiens, quant \u00e0 la repr\u00e9sentation des classes populaires<\/li>\n<li>Une contre-image de la Grande-Bretagne<\/li>\n<li>Les origines du nom \u00ab\u00a0Peaky Blinders\u00a0\u00bb et les faits r\u00e9els \u00e0 l\u2019origine de la s\u00e9rie<\/li>\n<li>Le style visuel de la s\u00e9rie, Birmingham comme ville industrielle qui fait aussi r\u00e9f\u00e9rence aux d\u00e9cors de western<\/li>\n<li>L\u2019univers politique et social de la s\u00e9rie, une lutte des classes temp\u00e9r\u00e9e par la volont\u00e9 d\u2019embourgeoisement des Shelby<\/li>\n<li>Les origines vari\u00e9es des personnages, telles que la s\u00e9rie les met en sc\u00e8ne\u00a0: italiens, juifs, gitans, noirs britanniques\u2026<\/li>\n<li>La place accord\u00e9e \u00e0 la question irlandaise<\/li>\n<li>Une s\u00e9rie plus juste sur le plan sociologique qu\u2019historique\u00a0?<\/li>\n<li>Les r\u00f4les f\u00e9minins de la s\u00e9rie, en \u00e9cho aux femmes des classes populaires britanniques<\/li>\n<li>La r\u00e9ception enthousiaste de la s\u00e9rie et ses effets en Grande-Bretagne, avec une mode \u00ab\u00a0Peaky\u00a0\u00bb<\/li>\n<\/ul>\n<p>&nbsp;<\/p>\n","protected":false},"excerpt":{"rendered":"<p>L&#8217;invit\u00e9: Victor Faingnaert La s\u00e9rie: Peaky Blinders La discussion : Les origines et buts de la s\u00e9rie, et de son cr\u00e9ateur Steven Knight Les rapports compliqu\u00e9s entre cet auteur et les historiens, quant \u00e0 la repr\u00e9sentation des classes populaires Une contre-image de la Grande-Bretagne Les origines du nom \u00ab\u00a0Peaky Blinders\u00a0\u00bb et les faits r\u00e9els \u00e0 &hellip; <a href=\"https:\/\/parolesdhistoire.fr\/index.php\/2020\/04\/03\/104-la-serie-peaky-blinders-avec-victor-faingnaert\/\" class=\"more-link\">Continue reading<span class=\"screen-reader-text\"> &#8220;104. La s\u00e9rie &#8216;Peaky Blinders&#8217;, avec Victor Faingnaert&#8221;<\/span><\/a><\/p>\n","protected":false},"author":1,"featured_media":0,"comment_status":"open","ping_status":"open","sticky":false,"template":"","format":"standard","meta":{"footnotes":""},"categories":[62],"tags":[37,7,172,42],"class_list":["post-933","post","type-post","status-publish","format-standard","hentry","category-cinema","tag-grande-bretagne","tag-histoire-sociale","tag-serie","tag-violence"],"_links":{"self":[{"href":"https:\/\/parolesdhistoire.fr\/index.php\/wp-json\/wp\/v2\/posts\/933","targetHints":{"allow":["GET"]}}],"collection":[{"href":"https:\/\/parolesdhistoire.fr\/index.php\/wp-json\/wp\/v2\/posts"}],"about":[{"href":"https:\/\/parolesdhistoire.fr\/index.php\/wp-json\/wp\/v2\/types\/post"}],"author":[{"embeddable":true,"href":"https:\/\/parolesdhistoire.fr\/index.php\/wp-json\/wp\/v2\/users\/1"}],"replies":[{"embeddable":true,"href":"https:\/\/parolesdhistoire.fr\/index.php\/wp-json\/wp\/v2\/comments?post=933"}],"version-history":[{"count":1,"href":"https:\/\/parolesdhistoire.fr\/index.php\/wp-json\/wp\/v2\/posts\/933\/revisions"}],"predecessor-version":[{"id":935,"href":"https:\/\/parolesdhistoire.fr\/index.php\/wp-json\/wp\/v2\/posts\/933\/revisions\/935"}],"wp:attachment":[{"href":"https:\/\/parolesdhistoire.fr\/index.php\/wp-json\/wp\/v2\/media?parent=933"}],"wp:term":[{"taxonomy":"category","embeddable":true,"href":"https:\/\/parolesdhistoire.fr\/index.php\/wp-json\/wp\/v2\/categories?post=933"},{"taxonomy":"post_tag","embeddable":true,"href":"https:\/\/parolesdhistoire.fr\/index.php\/wp-json\/wp\/v2\/tags?post=933"}],"curies":[{"name":"wp","href":"https:\/\/api.w.org\/{rel}","templated":true}]}}