{"id":946,"date":"2020-04-10T04:17:42","date_gmt":"2020-04-10T02:17:42","guid":{"rendered":"http:\/\/parolesdhistoire.fr\/?p=946"},"modified":"2020-04-09T23:02:18","modified_gmt":"2020-04-09T21:02:18","slug":"107-rambo-ou-la-revanche-de-lamerique-reaganienne-avec-marjolaine-boutet","status":"publish","type":"post","link":"https:\/\/parolesdhistoire.fr\/index.php\/2020\/04\/10\/107-rambo-ou-la-revanche-de-lamerique-reaganienne-avec-marjolaine-boutet\/","title":{"rendered":"107. Rambo, ou le rude retour du Vietnam, avec Marjolaine Boutet"},"content":{"rendered":"<iframe loading=\"lazy\" src=\"https:\/\/player.blubrry.com\/?media_url=https%3A%2F%2Fmedia.blubrry.com%2Fparolesdhistoire%2Fcontent.blubrry.com%2Fparolesdhistoire%2Frambo.mp3&amp;modern=1&amp;podcast_link=https%3A%2F%2Fparolesdhistoire.fr%2Findex.php%2F2020%2F04%2F10%2F107-rambo-ou-la-revanche-de-lamerique-reaganienne-avec-marjolaine-boutet%2F#mode-Light&border-000000&progress-000000\" scrolling=\"no\" width=\"100%\" height=\"165\" frameborder=\"0\" id=\"blubrryplayer-1\" class=\"blubrryplayer\" title=\"Blubrry Podcast Player\"><\/iframe><p class=\"powerpress_links powerpress_links_mp3\" style=\"margin-bottom: 1px !important;\">Podcast: <a href=\"https:\/\/media.blubrry.com\/parolesdhistoire\/content.blubrry.com\/parolesdhistoire\/rambo.mp3\" class=\"powerpress_link_pinw\" target=\"_blank\" title=\"Play in new window\" onclick=\"return powerpress_pinw('https:\/\/parolesdhistoire.fr\/?powerpress_pinw=946-podcast');\" rel=\"nofollow\">Play in new window<\/a> | <a href=\"https:\/\/media.blubrry.com\/parolesdhistoire\/content.blubrry.com\/parolesdhistoire\/rambo.mp3\" class=\"powerpress_link_d\" title=\"Download\" rel=\"nofollow\" download=\"rambo.mp3\">Download<\/a><\/p><p class=\"powerpress_links powerpress_subscribe_links\">S'abonner :  <a href=\"https:\/\/itunes.apple.com\/fr\/podcast\/paroles-dhistoire\/id1376002842?l=en&amp;mt=2&amp;ls=1#episodeGuid=http%3A%2F%2Fparolesdhistoire.fr%2F%3Fp%3D946\" class=\"powerpress_link_subscribe powerpress_link_subscribe_itunes\" target=\"_blank\" title=\"Subscribe on Apple Podcasts\" rel=\"nofollow\">Apple Podcasts<\/a> | <a href=\"https:\/\/open.spotify.com\/show\/57zBA3htpYUB4MJNhhlDnn\" class=\"powerpress_link_subscribe powerpress_link_subscribe_spotify\" target=\"_blank\" title=\"Subscribe on Spotify\" rel=\"nofollow\">Spotify<\/a> | <a href=\"https:\/\/subscribeonandroid.com\/feeds.audiomeans.fr\/feed\/c3e6abea-2254-416a-b8ef-0619098d0e45.xml\" class=\"powerpress_link_subscribe powerpress_link_subscribe_android\" target=\"_blank\" title=\"Subscribe on Android\" rel=\"nofollow\">Android<\/a> | <a href=\"https:\/\/www.deezer.com\/en\/show\/1000680512\" class=\"powerpress_link_subscribe powerpress_link_subscribe_deezer\" target=\"_blank\" title=\"Subscribe on Deezer\" rel=\"nofollow\">Deezer<\/a> | <a href=\"https:\/\/feeds.audiomeans.fr\/feed\/c3e6abea-2254-416a-b8ef-0619098d0e45.xml\" class=\"powerpress_link_subscribe powerpress_link_subscribe_rss\" target=\"_blank\" title=\"Subscribe via RSS\" rel=\"nofollow\">RSS<\/a> | <a href=\"https:\/\/parolesdhistoire.fr\/index.php\/sabonner\/\" class=\"powerpress_link_subscribe powerpress_link_subscribe_more\" target=\"_blank\" title=\"More\" rel=\"nofollow\">More<\/a><\/p><p><strong>L&#8217;invit\u00e9e :\u00a0<\/strong> Marjolaine Boutet, Ma\u00eetresse de Conf\u00e9rences en Histoire contemporaine \u00e0 l&#8217;UPJV<a href=\"http:\/\/parolesdhistoire.fr\/wp-content\/uploads\/2020\/04\/81HlRJ0CRdL._AC_SL1500_.jpg\"><img loading=\"lazy\" decoding=\"async\" class=\"aligncenter  wp-image-955\" src=\"http:\/\/parolesdhistoire.fr\/wp-content\/uploads\/2020\/04\/81HlRJ0CRdL._AC_SL1500_-200x300.jpg\" alt=\"\" width=\"294\" height=\"441\" srcset=\"https:\/\/parolesdhistoire.fr\/wp-content\/uploads\/2020\/04\/81HlRJ0CRdL._AC_SL1500_-200x300.jpg 200w, https:\/\/parolesdhistoire.fr\/wp-content\/uploads\/2020\/04\/81HlRJ0CRdL._AC_SL1500_-768x1152.jpg 768w, https:\/\/parolesdhistoire.fr\/wp-content\/uploads\/2020\/04\/81HlRJ0CRdL._AC_SL1500_-683x1024.jpg 683w, https:\/\/parolesdhistoire.fr\/wp-content\/uploads\/2020\/04\/81HlRJ0CRdL._AC_SL1500_.jpg 1000w\" sizes=\"auto, (max-width: 294px) 85vw, 294px\" \/><\/a><strong>Le film :\u00a0<\/strong> <em>Rambo, first blood<\/em> (Ted Kotcheff, 1982)<\/p>\n<p><strong>La discussion\u00a0:<\/strong><\/p>\n<ul>\n<li>Rambo, un film assez m\u00e9connu, \u00e0 relier au cin\u00e9ma ind\u00e9pendant du \u00ab\u00a0nouvel Hollywood\u00a0\u00bb des ann\u00e9es 1970 (1\u201930)<\/li>\n<li>R\u00e9sum\u00e9 de ce \u00ab\u00a0huis clos \u00e0 ciel ouvert\u00a0\u00bb qui oppose un v\u00e9t\u00e9ran du Vietnam au sh\u00e9rif d\u2019une petite ville (3\u201935)<\/li>\n<li>Le basculement du film lorsque Rambo revit le traumatisme du Vietnam (5\u201910)<\/li>\n<li>Rambo \u00ab\u00a0bon sauvage\u00a0\u00bb mais expert du combat (8\u201900)<\/li>\n<li>La tension entre les facettes du personnage\u00a0: vuln\u00e9rable et dangereux, marqu\u00e9 par la guerre (10\u201940)<\/li>\n<li>La violence de Rambo, \u00e0 r\u00e9ins\u00e9rer dans la repr\u00e9sentation des v\u00e9t\u00e9rans dans le cin\u00e9ma des ann\u00e9es 1970-1980, et les codes des films d\u2019action des ann\u00e9es 1980-1990 (13\u201940)<\/li>\n<li>Le fameux monologue de Rambo\u00a0: \u00ab\u00a0rien n\u2019est termin\u00e9\u2026 c\u2019\u00e9tait pas ma guerre\u00a0\u00bb (16\u201930)<\/li>\n<li>Rambo, symbole du d\u00e9sarroi d\u2019une g\u00e9n\u00e9ration (19\u2019)<\/li>\n<li>Un film qui amorce un retournement conservateur de la m\u00e9moire du Vietnam, stigmatisant les pacifistes, le f\u00e9minisme\u2026 (22\u2019)<\/li>\n<li>Le d\u00e9ni de la d\u00e9faite du Vietnam, \u00e0 travers la critique n\u00e9oconservatrice de l\u2019\u00c9tat et des institutions (24\u201950)<\/li>\n<li>Quelle r\u00e9ception pour le film, pr\u00e9par\u00e9e par des s\u00e9ries comme<em> Magnum, PI<\/em> \u00e0 partir de 1980\u00a0? (26\u201945)<\/li>\n<li>Le m\u00e9morial du Vietnam et sa symbolique (30\u201945)<\/li>\n<li>L\u2019ami de Rambo victime de l\u2019\u00ab\u00a0agent orange\u00a0\u00bb et la prise en charge lacunaire des v\u00e9t\u00e9rans (33\u201900)<\/li>\n<li>L\u2019absence des Vietnamiens dans la repr\u00e9sentation am\u00e9ricaine du Vietnam (35\u201920)<\/li>\n<\/ul>\n<p>&nbsp;<\/p>\n<p><strong>Articles de Marjolaine Boutet pour aller plus loin\u00a0:<\/strong><\/p>\n<p>&nbsp;<\/p>\n<ul>\n<li><a href=\"https:\/\/www.cairn.info\/revue-hermes-la-revue-2008-3-page-75.htm\">\u00ab\u00a0Le Vietnam et l&#8217;Am\u00e9rique au cin\u00e9ma et \u00e0 la t\u00e9l\u00e9vision : du traumatisme au d\u00e9ni\u00a0\u00bb<\/a><\/li>\n<li><a href=\"https:\/\/www.cairn.info\/revue-le-temps-des-medias-2005-1-page-188.htm\">\u00ab\u00a0Le Vietnam version prime-time\u00a0\u00bb<\/a><\/li>\n<li><a href=\"https:\/\/www.cairn.info\/revue-vingtieme-siecle-revue-d-histoire-2004-4-page-61.htm\">\u00ab\u00a0Les s\u00e9ries t\u00e9l\u00e9vis\u00e9es am\u00e9ricaines des ann\u00e9es 1980. Une autre histoire de la guerre du Vietnam\u00a0\u00bb<\/a><\/li>\n<\/ul>\n<p><strong>Conseils de lecture\u00a0:<\/strong><\/p>\n<ul>\n<li>JEFFORDS, Susan, <em>The Remasculinization of America : Gender and the Vietnam War<\/em>, Bloomington (Ind.), Indiana University Press, 1989.<\/li>\n<li>ANDEREGG, Michael (ed.), <em>Inventing Vietnam, the War in Film and Television<\/em>, Philadelphie, Temple University Press, 1991.<\/li>\n<li>DITTMAR, Linda, MICHAUD, Gene, <em>From Hanoi to Hollywood : the Vietnam War in American Film<\/em>, New Brunswick, Rutgers University Press, 1990.<\/li>\n<li>FERRO Marc, <em>Cin\u00e9ma et histoire<\/em>, Gallimard, Folio, 1993.<\/li>\n<li>VA\u00cfSSE Justin, <em>Histoire du n\u00e9oconservatisme aux \u00c9tats-Unis<\/em>, Odile Jacob, 2008.<\/li>\n<\/ul>\n","protected":false},"excerpt":{"rendered":"<p>L&#8217;invit\u00e9e :\u00a0 Marjolaine Boutet, Ma\u00eetresse de Conf\u00e9rences en Histoire contemporaine \u00e0 l&#8217;UPJVLe film :\u00a0 Rambo, first blood (Ted Kotcheff, 1982) La discussion\u00a0: Rambo, un film assez m\u00e9connu, \u00e0 relier au cin\u00e9ma ind\u00e9pendant du \u00ab\u00a0nouvel Hollywood\u00a0\u00bb des ann\u00e9es 1970 (1\u201930) R\u00e9sum\u00e9 de ce \u00ab\u00a0huis clos \u00e0 ciel ouvert\u00a0\u00bb qui oppose un v\u00e9t\u00e9ran du Vietnam au sh\u00e9rif &hellip; <a href=\"https:\/\/parolesdhistoire.fr\/index.php\/2020\/04\/10\/107-rambo-ou-la-revanche-de-lamerique-reaganienne-avec-marjolaine-boutet\/\" class=\"more-link\">Continue reading<span class=\"screen-reader-text\"> &#8220;107. Rambo, ou le rude retour du Vietnam, avec Marjolaine Boutet&#8221;<\/span><\/a><\/p>\n","protected":false},"author":1,"featured_media":0,"comment_status":"open","ping_status":"open","sticky":false,"template":"","format":"standard","meta":{"footnotes":""},"categories":[62],"tags":[26,41,81,17,21,83,42],"class_list":["post-946","post","type-post","status-publish","format-standard","hentry","category-cinema","tag-asie","tag-cinema","tag-etats-unis","tag-guerre","tag-guerre-froide","tag-vietnam","tag-violence"],"_links":{"self":[{"href":"https:\/\/parolesdhistoire.fr\/index.php\/wp-json\/wp\/v2\/posts\/946","targetHints":{"allow":["GET"]}}],"collection":[{"href":"https:\/\/parolesdhistoire.fr\/index.php\/wp-json\/wp\/v2\/posts"}],"about":[{"href":"https:\/\/parolesdhistoire.fr\/index.php\/wp-json\/wp\/v2\/types\/post"}],"author":[{"embeddable":true,"href":"https:\/\/parolesdhistoire.fr\/index.php\/wp-json\/wp\/v2\/users\/1"}],"replies":[{"embeddable":true,"href":"https:\/\/parolesdhistoire.fr\/index.php\/wp-json\/wp\/v2\/comments?post=946"}],"version-history":[{"count":3,"href":"https:\/\/parolesdhistoire.fr\/index.php\/wp-json\/wp\/v2\/posts\/946\/revisions"}],"predecessor-version":[{"id":956,"href":"https:\/\/parolesdhistoire.fr\/index.php\/wp-json\/wp\/v2\/posts\/946\/revisions\/956"}],"wp:attachment":[{"href":"https:\/\/parolesdhistoire.fr\/index.php\/wp-json\/wp\/v2\/media?parent=946"}],"wp:term":[{"taxonomy":"category","embeddable":true,"href":"https:\/\/parolesdhistoire.fr\/index.php\/wp-json\/wp\/v2\/categories?post=946"},{"taxonomy":"post_tag","embeddable":true,"href":"https:\/\/parolesdhistoire.fr\/index.php\/wp-json\/wp\/v2\/tags?post=946"}],"curies":[{"name":"wp","href":"https:\/\/api.w.org\/{rel}","templated":true}]}}