{"id":998,"date":"2020-04-22T04:05:05","date_gmt":"2020-04-22T02:05:05","guid":{"rendered":"http:\/\/parolesdhistoire.fr\/?p=998"},"modified":"2020-04-21T23:31:16","modified_gmt":"2020-04-21T21:31:16","slug":"113-les-lumieres-au-danemark-a-royal-affair-avec-aurore-chery","status":"publish","type":"post","link":"https:\/\/parolesdhistoire.fr\/index.php\/2020\/04\/22\/113-les-lumieres-au-danemark-a-royal-affair-avec-aurore-chery\/","title":{"rendered":"113. Les Lumi\u00e8res au Danemark: A Royal Affair, avec Aurore Ch\u00e9ry"},"content":{"rendered":"<iframe loading=\"lazy\" src=\"https:\/\/player.blubrry.com\/?media_url=https%3A%2F%2Fmedia.blubrry.com%2Fparolesdhistoire%2Fcontent.blubrry.com%2Fparolesdhistoire%2FROYALAFFAIR.mp3&amp;modern=1&amp;podcast_link=https%3A%2F%2Fparolesdhistoire.fr%2Findex.php%2F2020%2F04%2F22%2F113-les-lumieres-au-danemark-a-royal-affair-avec-aurore-chery%2F#mode-Light&border-000000&progress-000000\" scrolling=\"no\" width=\"100%\" height=\"165\" frameborder=\"0\" id=\"blubrryplayer-1\" class=\"blubrryplayer\" title=\"Blubrry Podcast Player\"><\/iframe><p class=\"powerpress_links powerpress_links_mp3\" style=\"margin-bottom: 1px !important;\">Podcast: <a href=\"https:\/\/media.blubrry.com\/parolesdhistoire\/content.blubrry.com\/parolesdhistoire\/ROYALAFFAIR.mp3\" class=\"powerpress_link_pinw\" target=\"_blank\" title=\"Play in new window\" onclick=\"return powerpress_pinw('https:\/\/parolesdhistoire.fr\/?powerpress_pinw=998-podcast');\" rel=\"nofollow\">Play in new window<\/a> | <a href=\"https:\/\/media.blubrry.com\/parolesdhistoire\/content.blubrry.com\/parolesdhistoire\/ROYALAFFAIR.mp3\" class=\"powerpress_link_d\" title=\"Download\" rel=\"nofollow\" download=\"ROYALAFFAIR.mp3\">Download<\/a><\/p><p class=\"powerpress_links powerpress_subscribe_links\">S'abonner :  <a href=\"https:\/\/itunes.apple.com\/fr\/podcast\/paroles-dhistoire\/id1376002842?l=en&amp;mt=2&amp;ls=1#episodeGuid=http%3A%2F%2Fparolesdhistoire.fr%2F%3Fp%3D998\" class=\"powerpress_link_subscribe powerpress_link_subscribe_itunes\" target=\"_blank\" title=\"Subscribe on Apple Podcasts\" rel=\"nofollow\">Apple Podcasts<\/a> | <a href=\"https:\/\/open.spotify.com\/show\/57zBA3htpYUB4MJNhhlDnn\" class=\"powerpress_link_subscribe powerpress_link_subscribe_spotify\" target=\"_blank\" title=\"Subscribe on Spotify\" rel=\"nofollow\">Spotify<\/a> | <a href=\"https:\/\/subscribeonandroid.com\/feeds.audiomeans.fr\/feed\/c3e6abea-2254-416a-b8ef-0619098d0e45.xml\" class=\"powerpress_link_subscribe powerpress_link_subscribe_android\" target=\"_blank\" title=\"Subscribe on Android\" rel=\"nofollow\">Android<\/a> | <a href=\"https:\/\/www.deezer.com\/en\/show\/1000680512\" class=\"powerpress_link_subscribe powerpress_link_subscribe_deezer\" target=\"_blank\" title=\"Subscribe on Deezer\" rel=\"nofollow\">Deezer<\/a> | <a href=\"https:\/\/feeds.audiomeans.fr\/feed\/c3e6abea-2254-416a-b8ef-0619098d0e45.xml\" class=\"powerpress_link_subscribe powerpress_link_subscribe_rss\" target=\"_blank\" title=\"Subscribe via RSS\" rel=\"nofollow\">RSS<\/a> | <a href=\"https:\/\/parolesdhistoire.fr\/index.php\/sabonner\/\" class=\"powerpress_link_subscribe powerpress_link_subscribe_more\" target=\"_blank\" title=\"More\" rel=\"nofollow\">More<\/a><\/p><p><strong>\u00a0<\/strong><strong>L\u2019invit\u00e9e\u00a0: <\/strong>Aurore Ch\u00e9ry, historienne, sp\u00e9cialiste du XVIIIe si\u00e8cle<\/p>\n<p><a href=\"http:\/\/parolesdhistoire.fr\/wp-content\/uploads\/2020\/04\/royal3.jpg\"><img loading=\"lazy\" decoding=\"async\" class=\"aligncenter size-medium wp-image-1004\" src=\"http:\/\/parolesdhistoire.fr\/wp-content\/uploads\/2020\/04\/royal3-210x300.jpg\" alt=\"\" width=\"210\" height=\"300\" srcset=\"https:\/\/parolesdhistoire.fr\/wp-content\/uploads\/2020\/04\/royal3-210x300.jpg 210w, https:\/\/parolesdhistoire.fr\/wp-content\/uploads\/2020\/04\/royal3-717x1024.jpg 717w, https:\/\/parolesdhistoire.fr\/wp-content\/uploads\/2020\/04\/royal3.jpg 758w\" sizes=\"auto, (max-width: 210px) 85vw, 210px\" \/><\/a><\/p>\n<p><strong>Le film\u00a0: <\/strong><em>A Royal Affair<\/em>, de Nikolaj Arcel (2012)<\/p>\n<p><strong>La discussion\u00a0:<\/strong><\/p>\n<ul>\n<li>L\u2019intrigue du film, \u00e0 la fois politique et amoureuse, sous le r\u00e8gne de Christian VII du Danemark lors de la p\u00e9riode o\u00f9 Johann Struensee est au pouvoir, introduisant les Lumi\u00e8res au Danemark<\/li>\n<li>Le contexte politique plus complexe que ne le sugg\u00e8re le film, la question des Lumi\u00e8res se superposant \u00e0 celle des ing\u00e9rences \u00e9trang\u00e8res<\/li>\n<li>Les luttes de factions \u00e0 la Cour, et \u00e0 l\u2019\u00e9chelle europ\u00e9enne (4\u201930)<\/li>\n<li>La \u00ab\u00a0folie\u00a0\u00bb du roi Christian VII \u00a0&#8211; ou sa simulation\u00a0? (7\u201920)<\/li>\n<li>Un corps royal plus fragile qu\u2019on ne le pense (11\u201930)<\/li>\n<li>La sexualit\u00e9 royale, objet de d\u00e9bats et de discours (13\u201915)<\/li>\n<li>Le r\u00e9formateur Johann Struensee et son parcours (16\u2019) en homme des Lumi\u00e8res (20\u2019)<\/li>\n<li>La dimension m\u00e9dicale de son action (23\u2019)<\/li>\n<li>La superposition du cas danois et du cas fran\u00e7ais (28\u2019)<\/li>\n<li>La statut de Struensee, et \u00e0 travers lui le statut des \u00ab\u00a0\u00e9trangers\u00a0\u00bb sous l\u2019Ancien r\u00e9gime (30\u2019)<\/li>\n<li>Un film historique int\u00e9ressant mais qui ne rend pas tout \u00e0 fait justice \u00e0 la reine Caroline-Mathilde (33\u2019)<\/li>\n<li>Les enjeux \u00e9ducatifs, et l\u2019influence de Rousseau (35\u2019)<\/li>\n<li>Les l\u00e9g\u00e8res allusions \u00e0 l\u2019empire colonial du Danemark (38\u2019)<\/li>\n<\/ul>\n<p><strong>Pour aller plus loin\u00a0:<\/strong><\/p>\n<ul>\n<li>Lettres de Gustav III<\/li>\n<li>&#8220;M\u00e9moires de Reverdil&#8221; <a href=\"https:\/\/books.google.fr\/books?id=Qa0XAAAAYAAJ&amp;printsec=frontcover&amp;hl=fr&amp;source=gbs_ge_summary_r&amp;cad=0#v=onepage&amp;q&amp;f=false\">en ligne.<\/a><\/li>\n<li><a href=\"https:\/\/politikensforlag.dk\/den-afmaegtige-en-biografi-om-christian-den-7\/t-0\/9788776922245\">biographie<\/a> de Christian VII par Ulrik Langen en danois<\/li>\n<li><a href=\"https:\/\/jstor.org\/stable\/44985865?\">Article<\/a> d\u2019Aurore Ch\u00e9ry sur l&#8217;onanisme en comparant le cas danois et le cas fran\u00e7ais, et <a href=\"https:\/\/atravers.hypotheses.org\/?s=Christian+VII\">billet<\/a> sur la visite de Christian VII \u00e0 Louis XV<\/li>\n<li>\u00a0<a href=\"https:\/\/www.cairn.info\/revue-histoire-economie-et-societe-2010-1-page-39.htm\">article<\/a> de Langen sur le voyage de Christan VII en France.<\/li>\n<\/ul>\n<p>&nbsp;<\/p>\n","protected":false},"excerpt":{"rendered":"<p>\u00a0L\u2019invit\u00e9e\u00a0: Aurore Ch\u00e9ry, historienne, sp\u00e9cialiste du XVIIIe si\u00e8cle Le film\u00a0: A Royal Affair, de Nikolaj Arcel (2012) La discussion\u00a0: L\u2019intrigue du film, \u00e0 la fois politique et amoureuse, sous le r\u00e8gne de Christian VII du Danemark lors de la p\u00e9riode o\u00f9 Johann Struensee est au pouvoir, introduisant les Lumi\u00e8res au Danemark Le contexte politique plus &hellip; <a href=\"https:\/\/parolesdhistoire.fr\/index.php\/2020\/04\/22\/113-les-lumieres-au-danemark-a-royal-affair-avec-aurore-chery\/\" class=\"more-link\">Continue reading<span class=\"screen-reader-text\"> &#8220;113. Les Lumi\u00e8res au Danemark: A Royal Affair, avec Aurore Ch\u00e9ry&#8221;<\/span><\/a><\/p>\n","protected":false},"author":1,"featured_media":0,"comment_status":"open","ping_status":"open","sticky":false,"template":"","format":"standard","meta":{"footnotes":""},"categories":[62],"tags":[61,186,57,185,56,120],"class_list":["post-998","post","type-post","status-publish","format-standard","hentry","category-cinema","tag-allemagne","tag-danemark","tag-histoire-moderne","tag-lumieres","tag-monarchie","tag-noblesse"],"_links":{"self":[{"href":"https:\/\/parolesdhistoire.fr\/index.php\/wp-json\/wp\/v2\/posts\/998","targetHints":{"allow":["GET"]}}],"collection":[{"href":"https:\/\/parolesdhistoire.fr\/index.php\/wp-json\/wp\/v2\/posts"}],"about":[{"href":"https:\/\/parolesdhistoire.fr\/index.php\/wp-json\/wp\/v2\/types\/post"}],"author":[{"embeddable":true,"href":"https:\/\/parolesdhistoire.fr\/index.php\/wp-json\/wp\/v2\/users\/1"}],"replies":[{"embeddable":true,"href":"https:\/\/parolesdhistoire.fr\/index.php\/wp-json\/wp\/v2\/comments?post=998"}],"version-history":[{"count":4,"href":"https:\/\/parolesdhistoire.fr\/index.php\/wp-json\/wp\/v2\/posts\/998\/revisions"}],"predecessor-version":[{"id":1005,"href":"https:\/\/parolesdhistoire.fr\/index.php\/wp-json\/wp\/v2\/posts\/998\/revisions\/1005"}],"wp:attachment":[{"href":"https:\/\/parolesdhistoire.fr\/index.php\/wp-json\/wp\/v2\/media?parent=998"}],"wp:term":[{"taxonomy":"category","embeddable":true,"href":"https:\/\/parolesdhistoire.fr\/index.php\/wp-json\/wp\/v2\/categories?post=998"},{"taxonomy":"post_tag","embeddable":true,"href":"https:\/\/parolesdhistoire.fr\/index.php\/wp-json\/wp\/v2\/tags?post=998"}],"curies":[{"name":"wp","href":"https:\/\/api.w.org\/{rel}","templated":true}]}}